{"id":1204,"date":"2018-04-08T09:44:05","date_gmt":"2018-04-08T12:44:05","guid":{"rendered":"http:\/\/rehabitare.direito.ufmg.br\/?p=1204"},"modified":"2018-04-09T09:45:43","modified_gmt":"2018-04-09T12:45:43","slug":"1204","status":"publish","type":"post","link":"https:\/\/rehabitare.direito.ufmg.br\/?p=1204","title":{"rendered":"Conselho busca incentivar lei de habita\u00e7\u00e3o social"},"content":{"rendered":"<p style=\"text-align: justify;\">&#8220;Erros estruturais no telhado, pouca ventila\u00e7\u00e3o e aus\u00eancia de luz necess\u00e1ria s\u00e3o problemas encontrados em diversas moradias brasileiras. A precariedade dessas habita\u00e7\u00f5es \u00e9 explicada, muitas vezes, pela falta de orienta\u00e7\u00e3o de um profissional especializado. No entanto, o que pouca gente sabe \u00e9 que existe uma lei que assegura o direito das fam\u00edlias de baixa renda \u00e0 assist\u00eancia t\u00e9cnica p\u00fablica e gratuita para o projeto de constru\u00e7\u00e3o da casa. &#8220;<\/p>\n<p>Por <a href=\"https:\/\/odia.ig.com.br\/imoveis-e-casa\/2018\/04\/5528368-conselho-busca-incentivar-lei-de-habitacao-social.html#foto=1\" target=\"_blank\" rel=\"noopener\">O Dia.<\/a><\/p>\n","protected":false},"excerpt":{"rendered":"<p>&#8220;Erros estruturais no telhado, pouca ventila\u00e7\u00e3o e aus\u00eancia de luz necess\u00e1ria s\u00e3o problemas encontrados em diversas moradias brasileiras. A precariedade dessas habita\u00e7\u00f5es \u00e9 explicada, muitas [&hellip;] <span class=\"read-more-link\"><a class=\"read-more\" href=\"https:\/\/rehabitare.direito.ufmg.br\/?p=1204\">Read More<\/a><\/span><\/p>\n","protected":false},"author":1,"featured_media":1206,"comment_status":"open","ping_status":"open","sticky":false,"template":"","format":"standard","meta":{"footnotes":""},"categories":[7],"tags":[],"class_list":["post-1204","post","type-post","status-publish","format-standard","has-post-thumbnail","hentry","category-noticias"],"_links":{"self":[{"href":"https:\/\/rehabitare.direito.ufmg.br\/index.php?rest_route=\/wp\/v2\/posts\/1204"}],"collection":[{"href":"https:\/\/rehabitare.direito.ufmg.br\/index.php?rest_route=\/wp\/v2\/posts"}],"about":[{"href":"https:\/\/rehabitare.direito.ufmg.br\/index.php?rest_route=\/wp\/v2\/types\/post"}],"author":[{"embeddable":true,"href":"https:\/\/rehabitare.direito.ufmg.br\/index.php?rest_route=\/wp\/v2\/users\/1"}],"replies":[{"embeddable":true,"href":"https:\/\/rehabitare.direito.ufmg.br\/index.php?rest_route=%2Fwp%2Fv2%2Fcomments&post=1204"}],"version-history":[{"count":2,"href":"https:\/\/rehabitare.direito.ufmg.br\/index.php?rest_route=\/wp\/v2\/posts\/1204\/revisions"}],"predecessor-version":[{"id":1207,"href":"https:\/\/rehabitare.direito.ufmg.br\/index.php?rest_route=\/wp\/v2\/posts\/1204\/revisions\/1207"}],"wp:featuredmedia":[{"embeddable":true,"href":"https:\/\/rehabitare.direito.ufmg.br\/index.php?rest_route=\/wp\/v2\/media\/1206"}],"wp:attachment":[{"href":"https:\/\/rehabitare.direito.ufmg.br\/index.php?rest_route=%2Fwp%2Fv2%2Fmedia&parent=1204"}],"wp:term":[{"taxonomy":"category","embeddable":true,"href":"https:\/\/rehabitare.direito.ufmg.br\/index.php?rest_route=%2Fwp%2Fv2%2Fcategories&post=1204"},{"taxonomy":"post_tag","embeddable":true,"href":"https:\/\/rehabitare.direito.ufmg.br\/index.php?rest_route=%2Fwp%2Fv2%2Ftags&post=1204"}],"curies":[{"name":"wp","href":"https:\/\/api.w.org\/{rel}","templated":true}]}}