{"id":1210,"date":"2018-04-08T09:58:25","date_gmt":"2018-04-08T12:58:25","guid":{"rendered":"http:\/\/rehabitare.direito.ufmg.br\/?p=1210"},"modified":"2018-04-09T11:59:58","modified_gmt":"2018-04-09T14:59:58","slug":"1210","status":"publish","type":"post","link":"https:\/\/rehabitare.direito.ufmg.br\/?p=1210","title":{"rendered":"Nascidos no s\u00e9culo 19, corti\u00e7os ainda enfrentam o mesmo descaso das autoridades"},"content":{"rendered":"<p style=\"text-align: justify;\">Levantamento do Instituto de Pesquisa e Planejamento Urbano e Regional (Ippur\/ UFRJ) contabiliza 54 deles (corti\u00e7os) na Regi\u00e3o Portu\u00e1ria e em parte do Centro. Professor do Ippur, o soci\u00f3logo Orlando Santos explica a motiva\u00e7\u00e3o da pesquisa: \u201cQuando o Minist\u00e9rio da Cidade exigiu que, no projeto Porto Maravilha, fosse feito um diagn\u00f3stico sobre habita\u00e7\u00e3o popular da \u00e1rea, reparamos que nele os corti\u00e7os n\u00e3o eram sequer citados. Assim, resolvemos fazer um aprofundamento da quest\u00e3o\u201d.<\/p>\n<p>Por <a href=\"http:\/\/www.jb.com.br\/rio\/noticias\/2018\/04\/08\/nascidos-no-seculo-19-corticos-ainda-enfrentam-o-mesmo-descaso-das-autoridades\/\" target=\"_blank\" rel=\"noopener\">Jornal do Brasil.<\/a><\/p>\n","protected":false},"excerpt":{"rendered":"<p>Levantamento do Instituto de Pesquisa e Planejamento Urbano e Regional (Ippur\/ UFRJ) contabiliza 54 deles (corti\u00e7os) na Regi\u00e3o Portu\u00e1ria e em parte do Centro. Professor [&hellip;] <span class=\"read-more-link\"><a class=\"read-more\" href=\"https:\/\/rehabitare.direito.ufmg.br\/?p=1210\">Read More<\/a><\/span><\/p>\n","protected":false},"author":1,"featured_media":1211,"comment_status":"open","ping_status":"open","sticky":false,"template":"","format":"standard","meta":{"footnotes":""},"categories":[7],"tags":[138,9],"class_list":["post-1210","post","type-post","status-publish","format-standard","has-post-thumbnail","hentry","category-noticias","tag-cortico","tag-moradia-adequada"],"_links":{"self":[{"href":"https:\/\/rehabitare.direito.ufmg.br\/index.php?rest_route=\/wp\/v2\/posts\/1210"}],"collection":[{"href":"https:\/\/rehabitare.direito.ufmg.br\/index.php?rest_route=\/wp\/v2\/posts"}],"about":[{"href":"https:\/\/rehabitare.direito.ufmg.br\/index.php?rest_route=\/wp\/v2\/types\/post"}],"author":[{"embeddable":true,"href":"https:\/\/rehabitare.direito.ufmg.br\/index.php?rest_route=\/wp\/v2\/users\/1"}],"replies":[{"embeddable":true,"href":"https:\/\/rehabitare.direito.ufmg.br\/index.php?rest_route=%2Fwp%2Fv2%2Fcomments&post=1210"}],"version-history":[{"count":2,"href":"https:\/\/rehabitare.direito.ufmg.br\/index.php?rest_route=\/wp\/v2\/posts\/1210\/revisions"}],"predecessor-version":[{"id":1213,"href":"https:\/\/rehabitare.direito.ufmg.br\/index.php?rest_route=\/wp\/v2\/posts\/1210\/revisions\/1213"}],"wp:featuredmedia":[{"embeddable":true,"href":"https:\/\/rehabitare.direito.ufmg.br\/index.php?rest_route=\/wp\/v2\/media\/1211"}],"wp:attachment":[{"href":"https:\/\/rehabitare.direito.ufmg.br\/index.php?rest_route=%2Fwp%2Fv2%2Fmedia&parent=1210"}],"wp:term":[{"taxonomy":"category","embeddable":true,"href":"https:\/\/rehabitare.direito.ufmg.br\/index.php?rest_route=%2Fwp%2Fv2%2Fcategories&post=1210"},{"taxonomy":"post_tag","embeddable":true,"href":"https:\/\/rehabitare.direito.ufmg.br\/index.php?rest_route=%2Fwp%2Fv2%2Ftags&post=1210"}],"curies":[{"name":"wp","href":"https:\/\/api.w.org\/{rel}","templated":true}]}}