{"id":1276,"date":"2018-03-21T13:40:27","date_gmt":"2018-03-21T16:40:27","guid":{"rendered":"http:\/\/rehabitare.direito.ufmg.br\/?p=1276"},"modified":"2018-04-19T13:42:39","modified_gmt":"2018-04-19T16:42:39","slug":"bh-projeto-quer-facilitar-que-mulheres-vitimas-de-violencia-tenham-uma-casa","status":"publish","type":"post","link":"https:\/\/rehabitare.direito.ufmg.br\/?p=1276","title":{"rendered":"BH: Projeto quer facilitar que mulheres v\u00edtimas de viol\u00eancia tenham uma casa"},"content":{"rendered":"<p style=\"text-align: justify;\">Em 8 de mar\u00e7o, a C\u00e2mara dos Vereadores de Belo Horizonte recebeu uma proposta feminista. Trata-se do projeto de lei que insere as mulheres v\u00edtimas de viol\u00eancia como benefici\u00e1rias do Programa Municipal de Assentamento (PROAS). Isso pode significar a independ\u00eancia de milhares de mulheres frente a seus companheiros ou ex-compaanheiros, que em 66% dos casos de viol\u00eancia s\u00e3o tamb\u00e9m os seus agressores.<\/p>\n<p>Por <a href=\"https:\/\/www.brasildefato.com.br\/2018\/03\/21\/bh-projeto-quer-facilitar-que-mulheres-vitimas-de-violencia-tenham-uma-casa\/\" target=\"_blank\" rel=\"noopener\">Brasil de Fato.<\/a><\/p>\n","protected":false},"excerpt":{"rendered":"<p>Em 8 de mar\u00e7o, a C\u00e2mara dos Vereadores de Belo Horizonte recebeu uma proposta feminista. Trata-se do projeto de lei que insere as mulheres v\u00edtimas [&hellip;] <span class=\"read-more-link\"><a class=\"read-more\" href=\"https:\/\/rehabitare.direito.ufmg.br\/?p=1276\">Read More<\/a><\/span><\/p>\n","protected":false},"author":1,"featured_media":0,"comment_status":"open","ping_status":"open","sticky":false,"template":"","format":"standard","meta":{"footnotes":""},"categories":[7],"tags":[142],"class_list":["post-1276","post","type-post","status-publish","format-standard","hentry","category-noticias","tag-mulheres-e-moradia"],"_links":{"self":[{"href":"https:\/\/rehabitare.direito.ufmg.br\/index.php?rest_route=\/wp\/v2\/posts\/1276"}],"collection":[{"href":"https:\/\/rehabitare.direito.ufmg.br\/index.php?rest_route=\/wp\/v2\/posts"}],"about":[{"href":"https:\/\/rehabitare.direito.ufmg.br\/index.php?rest_route=\/wp\/v2\/types\/post"}],"author":[{"embeddable":true,"href":"https:\/\/rehabitare.direito.ufmg.br\/index.php?rest_route=\/wp\/v2\/users\/1"}],"replies":[{"embeddable":true,"href":"https:\/\/rehabitare.direito.ufmg.br\/index.php?rest_route=%2Fwp%2Fv2%2Fcomments&post=1276"}],"version-history":[{"count":1,"href":"https:\/\/rehabitare.direito.ufmg.br\/index.php?rest_route=\/wp\/v2\/posts\/1276\/revisions"}],"predecessor-version":[{"id":1277,"href":"https:\/\/rehabitare.direito.ufmg.br\/index.php?rest_route=\/wp\/v2\/posts\/1276\/revisions\/1277"}],"wp:attachment":[{"href":"https:\/\/rehabitare.direito.ufmg.br\/index.php?rest_route=%2Fwp%2Fv2%2Fmedia&parent=1276"}],"wp:term":[{"taxonomy":"category","embeddable":true,"href":"https:\/\/rehabitare.direito.ufmg.br\/index.php?rest_route=%2Fwp%2Fv2%2Fcategories&post=1276"},{"taxonomy":"post_tag","embeddable":true,"href":"https:\/\/rehabitare.direito.ufmg.br\/index.php?rest_route=%2Fwp%2Fv2%2Ftags&post=1276"}],"curies":[{"name":"wp","href":"https:\/\/api.w.org\/{rel}","templated":true}]}}