{"id":1388,"date":"2018-06-01T18:23:00","date_gmt":"2018-06-01T21:23:00","guid":{"rendered":"http:\/\/rehabitare.direito.ufmg.br\/?p=1388"},"modified":"2018-06-03T18:25:21","modified_gmt":"2018-06-03T21:25:21","slug":"acampamento-no-paicandu-continua-sem-previsao-de-fim","status":"publish","type":"post","link":"https:\/\/rehabitare.direito.ufmg.br\/?p=1388","title":{"rendered":"Acampamento no Pai\u00e7andu continua sem previs\u00e3o de fim"},"content":{"rendered":"<p>&#8220;Passado um m\u00eas do inc\u00eandio e desabamento do Edif\u00edcio Wilton Paes de Almeida, que deixou sete mortos no centro de S\u00e3o Paulo, ainda n\u00e3o h\u00e1 solu\u00e7\u00e3o oficial \u00e0 vista para o acampamento de sem-teto que surgiu na sequ\u00eancia no Largo do Pai\u00e7andu. Segundo dados da pr\u00f3pria Prefeitura, 126 fam\u00edlias, algumas com at\u00e9 cinco crian\u00e7as, se amontoam em barracas, em meio a lixo e roupas sujas.&#8221;<br \/>\nPor <a href=\"https:\/\/www.terra.com.br\/noticias\/brasil\/cidades\/um-mes-apos-tragedia-acampamento-no-paicandu-continua-sem-previsao-de-fim,851eb4b3e338c14da36778cedc47a484yri2ztqj.html\" target=\"_blank\" rel=\"noopener\">Terra.<\/a><\/p>\n","protected":false},"excerpt":{"rendered":"<p>&#8220;Passado um m\u00eas do inc\u00eandio e desabamento do Edif\u00edcio Wilton Paes de Almeida, que deixou sete mortos no centro de S\u00e3o Paulo, ainda n\u00e3o h\u00e1 [&hellip;] <span class=\"read-more-link\"><a class=\"read-more\" href=\"https:\/\/rehabitare.direito.ufmg.br\/?p=1388\">Read More<\/a><\/span><\/p>\n","protected":false},"author":1,"featured_media":0,"comment_status":"open","ping_status":"open","sticky":false,"template":"","format":"standard","meta":{"footnotes":""},"categories":[1],"tags":[149],"class_list":["post-1388","post","type-post","status-publish","format-standard","hentry","category-sem-categoria","tag-quemocupanaotemculpa"],"_links":{"self":[{"href":"https:\/\/rehabitare.direito.ufmg.br\/index.php?rest_route=\/wp\/v2\/posts\/1388"}],"collection":[{"href":"https:\/\/rehabitare.direito.ufmg.br\/index.php?rest_route=\/wp\/v2\/posts"}],"about":[{"href":"https:\/\/rehabitare.direito.ufmg.br\/index.php?rest_route=\/wp\/v2\/types\/post"}],"author":[{"embeddable":true,"href":"https:\/\/rehabitare.direito.ufmg.br\/index.php?rest_route=\/wp\/v2\/users\/1"}],"replies":[{"embeddable":true,"href":"https:\/\/rehabitare.direito.ufmg.br\/index.php?rest_route=%2Fwp%2Fv2%2Fcomments&post=1388"}],"version-history":[{"count":1,"href":"https:\/\/rehabitare.direito.ufmg.br\/index.php?rest_route=\/wp\/v2\/posts\/1388\/revisions"}],"predecessor-version":[{"id":1389,"href":"https:\/\/rehabitare.direito.ufmg.br\/index.php?rest_route=\/wp\/v2\/posts\/1388\/revisions\/1389"}],"wp:attachment":[{"href":"https:\/\/rehabitare.direito.ufmg.br\/index.php?rest_route=%2Fwp%2Fv2%2Fmedia&parent=1388"}],"wp:term":[{"taxonomy":"category","embeddable":true,"href":"https:\/\/rehabitare.direito.ufmg.br\/index.php?rest_route=%2Fwp%2Fv2%2Fcategories&post=1388"},{"taxonomy":"post_tag","embeddable":true,"href":"https:\/\/rehabitare.direito.ufmg.br\/index.php?rest_route=%2Fwp%2Fv2%2Ftags&post=1388"}],"curies":[{"name":"wp","href":"https:\/\/api.w.org\/{rel}","templated":true}]}}