{"id":1392,"date":"2018-05-27T18:27:24","date_gmt":"2018-05-27T21:27:24","guid":{"rendered":"http:\/\/rehabitare.direito.ufmg.br\/?p=1392"},"modified":"2018-06-03T18:29:04","modified_gmt":"2018-06-03T21:29:04","slug":"alemanha-vai-investir-seis-mil-milhoes-de-euros-em-casas-a-precos-acessiveis-2","status":"publish","type":"post","link":"https:\/\/rehabitare.direito.ufmg.br\/?p=1392","title":{"rendered":"Alemanha vai investir seis mil milh\u00f5es de euros em casas a pre\u00e7os acess\u00edveis"},"content":{"rendered":"<div class=\"k_oyryvgy31 j_oyryvming clearfix\">\n<div class=\"clearfix j_oyryvgz62\">\n<div class=\"clearfix _42ef\">\n<div class=\"z_oyryvgz65\">\n<div>\n<div class=\"_6a _5u5j\">\n<div class=\"_6a _5u5j _6b\">\n<div id=\"feed_subtitle_199137276937602;878797768971546;;9\" class=\"_5pcp _5lel _2jyu _232_\" style=\"text-align: justify;\">&#8221; O Governo alem\u00e3o quer fazer face \u00e0 escalada dos pre\u00e7os do imobili\u00e1rio e promete investir seis mil milh\u00f5es de euros na promo\u00e7\u00e3o do acesso \u00e0 habita\u00e7\u00e3o. A chanceler Angela Merkel reconhece que este \u00e9 \u201cum dos temas quentes do nosso tempo\u201d.<\/div>\n<\/div>\n<\/div>\n<\/div>\n<\/div>\n<\/div>\n<\/div>\n<\/div>\n<div id=\"js_1cq\" class=\"_5pbx userContent _3576\" data-ft=\"{&quot;tn&quot;:&quot;K&quot;}\">\n<p style=\"text-align: justify;\">Ao longo de quatro anos, o Executivo prev\u00ea construir 1,5 milh\u00f5es de casas e apartamentos a pre\u00e7os reduzidos. Mas h\u00e1 tamb\u00e9m incentivos fiscais para facilitar a aquisi\u00e7\u00e3o de habita\u00e7\u00e3o.&#8221;<\/p>\n<p>Por <a href=\"https:\/\/www.publico.pt\/2018\/05\/27\/economia\/noticia\/alemanha-vai-investir-seis-mil-milhoes-de-euros-em-casas-a-precos-acessiveis-1832307\" target=\"_blank\" rel=\"noopener\">P\u00fablico.<\/a><\/p>\n<\/div>\n","protected":false},"excerpt":{"rendered":"<p>&#8221; O Governo alem\u00e3o quer fazer face \u00e0 escalada dos pre\u00e7os do imobili\u00e1rio e promete investir seis mil milh\u00f5es de euros na promo\u00e7\u00e3o do acesso [&hellip;] <span class=\"read-more-link\"><a class=\"read-more\" href=\"https:\/\/rehabitare.direito.ufmg.br\/?p=1392\">Read More<\/a><\/span><\/p>\n","protected":false},"author":1,"featured_media":0,"comment_status":"open","ping_status":"open","sticky":false,"template":"","format":"standard","meta":{"footnotes":""},"categories":[7],"tags":[141],"class_list":["post-1392","post","type-post","status-publish","format-standard","hentry","category-noticias","tag-deficit-habitacional"],"_links":{"self":[{"href":"https:\/\/rehabitare.direito.ufmg.br\/index.php?rest_route=\/wp\/v2\/posts\/1392"}],"collection":[{"href":"https:\/\/rehabitare.direito.ufmg.br\/index.php?rest_route=\/wp\/v2\/posts"}],"about":[{"href":"https:\/\/rehabitare.direito.ufmg.br\/index.php?rest_route=\/wp\/v2\/types\/post"}],"author":[{"embeddable":true,"href":"https:\/\/rehabitare.direito.ufmg.br\/index.php?rest_route=\/wp\/v2\/users\/1"}],"replies":[{"embeddable":true,"href":"https:\/\/rehabitare.direito.ufmg.br\/index.php?rest_route=%2Fwp%2Fv2%2Fcomments&post=1392"}],"version-history":[{"count":1,"href":"https:\/\/rehabitare.direito.ufmg.br\/index.php?rest_route=\/wp\/v2\/posts\/1392\/revisions"}],"predecessor-version":[{"id":1393,"href":"https:\/\/rehabitare.direito.ufmg.br\/index.php?rest_route=\/wp\/v2\/posts\/1392\/revisions\/1393"}],"wp:attachment":[{"href":"https:\/\/rehabitare.direito.ufmg.br\/index.php?rest_route=%2Fwp%2Fv2%2Fmedia&parent=1392"}],"wp:term":[{"taxonomy":"category","embeddable":true,"href":"https:\/\/rehabitare.direito.ufmg.br\/index.php?rest_route=%2Fwp%2Fv2%2Fcategories&post=1392"},{"taxonomy":"post_tag","embeddable":true,"href":"https:\/\/rehabitare.direito.ufmg.br\/index.php?rest_route=%2Fwp%2Fv2%2Ftags&post=1392"}],"curies":[{"name":"wp","href":"https:\/\/api.w.org\/{rel}","templated":true}]}}