{"id":1397,"date":"2018-06-05T17:20:06","date_gmt":"2018-06-05T20:20:06","guid":{"rendered":"http:\/\/rehabitare.direito.ufmg.br\/?p=1397"},"modified":"2018-06-05T17:58:28","modified_gmt":"2018-06-05T20:58:28","slug":"moradores-de-condominios-de-alto-padrao-da-vila-leopoldina-pressionam-prefeitura-contra-moradias-populares-no-bairro","status":"publish","type":"post","link":"https:\/\/rehabitare.direito.ufmg.br\/?p=1397","title":{"rendered":"Moradores de condom\u00ednios de alto padr\u00e3o da Vila Leopoldina pressionam prefeitura contra moradias populares no bairro"},"content":{"rendered":"<p style=\"text-align: justify;\">&#8220;No condom\u00ednio Martese Alto da Lapa, na Avenida Imperatriz Leopoldina, apartamentos de 4 dormit\u00f3rios com varanda gourmet s\u00e3o anunciados por pre\u00e7os a partir de R$ 1,7 milh\u00e3o. Do outro lado da rua, a menos de 100 metros, um terreno da Prefeitura de S\u00e3o Paulo pode virar moradia para mais de 500 fam\u00edlias que hoje vivem nas favelas da Linha e do Nove, a 1 km dali.&#8221;<\/p>\n<p>Por<a href=\"https:\/\/g1.globo.com\/sp\/sao-paulo\/noticia\/moradores-de-condominios-de-alto-padrao-da-vila-leopoldina-pressionam-prefeitura-contra-moradias-populares-no-bairro.ghtml\" target=\"_blank\" rel=\"noopener\"> G1.<\/a><\/p>\n","protected":false},"excerpt":{"rendered":"<p>&#8220;No condom\u00ednio Martese Alto da Lapa, na Avenida Imperatriz Leopoldina, apartamentos de 4 dormit\u00f3rios com varanda gourmet s\u00e3o anunciados por pre\u00e7os a partir de R$ [&hellip;] <span class=\"read-more-link\"><a class=\"read-more\" href=\"https:\/\/rehabitare.direito.ufmg.br\/?p=1397\">Read More<\/a><\/span><\/p>\n","protected":false},"author":1,"featured_media":1398,"comment_status":"open","ping_status":"open","sticky":false,"template":"","format":"standard","meta":{"footnotes":""},"categories":[7],"tags":[147],"class_list":["post-1397","post","type-post","status-publish","format-standard","has-post-thumbnail","hentry","category-noticias","tag-conjunto-habitacional"],"_links":{"self":[{"href":"https:\/\/rehabitare.direito.ufmg.br\/index.php?rest_route=\/wp\/v2\/posts\/1397"}],"collection":[{"href":"https:\/\/rehabitare.direito.ufmg.br\/index.php?rest_route=\/wp\/v2\/posts"}],"about":[{"href":"https:\/\/rehabitare.direito.ufmg.br\/index.php?rest_route=\/wp\/v2\/types\/post"}],"author":[{"embeddable":true,"href":"https:\/\/rehabitare.direito.ufmg.br\/index.php?rest_route=\/wp\/v2\/users\/1"}],"replies":[{"embeddable":true,"href":"https:\/\/rehabitare.direito.ufmg.br\/index.php?rest_route=%2Fwp%2Fv2%2Fcomments&post=1397"}],"version-history":[{"count":1,"href":"https:\/\/rehabitare.direito.ufmg.br\/index.php?rest_route=\/wp\/v2\/posts\/1397\/revisions"}],"predecessor-version":[{"id":1399,"href":"https:\/\/rehabitare.direito.ufmg.br\/index.php?rest_route=\/wp\/v2\/posts\/1397\/revisions\/1399"}],"wp:featuredmedia":[{"embeddable":true,"href":"https:\/\/rehabitare.direito.ufmg.br\/index.php?rest_route=\/wp\/v2\/media\/1398"}],"wp:attachment":[{"href":"https:\/\/rehabitare.direito.ufmg.br\/index.php?rest_route=%2Fwp%2Fv2%2Fmedia&parent=1397"}],"wp:term":[{"taxonomy":"category","embeddable":true,"href":"https:\/\/rehabitare.direito.ufmg.br\/index.php?rest_route=%2Fwp%2Fv2%2Fcategories&post=1397"},{"taxonomy":"post_tag","embeddable":true,"href":"https:\/\/rehabitare.direito.ufmg.br\/index.php?rest_route=%2Fwp%2Fv2%2Ftags&post=1397"}],"curies":[{"name":"wp","href":"https:\/\/api.w.org\/{rel}","templated":true}]}}