{"id":1407,"date":"2018-06-14T12:47:53","date_gmt":"2018-06-14T15:47:53","guid":{"rendered":"http:\/\/rehabitare.direito.ufmg.br\/?p=1407"},"modified":"2018-06-14T12:47:53","modified_gmt":"2018-06-14T15:47:53","slug":"minha-casa-minha-vida-piorou-cidades-e-alimentou-especulacao-imobiliaria-diz-ex-secretaria-do-governo-lula","status":"publish","type":"post","link":"https:\/\/rehabitare.direito.ufmg.br\/?p=1407","title":{"rendered":"Minha Casa, Minha Vida piorou cidades e alimentou especula\u00e7\u00e3o imobili\u00e1ria, diz ex-secret\u00e1ria do governo Lula"},"content":{"rendered":"<p style=\"text-align: justify;\">&#8220;Maior programa habitacional da hist\u00f3ria do Brasil e uma das vitrines dos governos do PT, o Minha Casa, Minha Vida (MCMV) piorou as cidades, agravou as dificuldades de acesso a moradia entre os mais pobres e criou bairros especialmente vulner\u00e1veis ao crime organizado.&#8221;<\/p>\n<p>Por <a href=\"https:\/\/www.bbc.com\/portuguese\/brasil-44205520\" target=\"_blank\" rel=\"noopener\">BBC Brasil.<\/a><\/p>\n","protected":false},"excerpt":{"rendered":"<p>&#8220;Maior programa habitacional da hist\u00f3ria do Brasil e uma das vitrines dos governos do PT, o Minha Casa, Minha Vida (MCMV) piorou as cidades, agravou [&hellip;] <span class=\"read-more-link\"><a class=\"read-more\" href=\"https:\/\/rehabitare.direito.ufmg.br\/?p=1407\">Read More<\/a><\/span><\/p>\n","protected":false},"author":1,"featured_media":1408,"comment_status":"open","ping_status":"open","sticky":false,"template":"","format":"standard","meta":{"footnotes":""},"categories":[7],"tags":[147],"class_list":["post-1407","post","type-post","status-publish","format-standard","has-post-thumbnail","hentry","category-noticias","tag-conjunto-habitacional"],"_links":{"self":[{"href":"https:\/\/rehabitare.direito.ufmg.br\/index.php?rest_route=\/wp\/v2\/posts\/1407"}],"collection":[{"href":"https:\/\/rehabitare.direito.ufmg.br\/index.php?rest_route=\/wp\/v2\/posts"}],"about":[{"href":"https:\/\/rehabitare.direito.ufmg.br\/index.php?rest_route=\/wp\/v2\/types\/post"}],"author":[{"embeddable":true,"href":"https:\/\/rehabitare.direito.ufmg.br\/index.php?rest_route=\/wp\/v2\/users\/1"}],"replies":[{"embeddable":true,"href":"https:\/\/rehabitare.direito.ufmg.br\/index.php?rest_route=%2Fwp%2Fv2%2Fcomments&post=1407"}],"version-history":[{"count":1,"href":"https:\/\/rehabitare.direito.ufmg.br\/index.php?rest_route=\/wp\/v2\/posts\/1407\/revisions"}],"predecessor-version":[{"id":1409,"href":"https:\/\/rehabitare.direito.ufmg.br\/index.php?rest_route=\/wp\/v2\/posts\/1407\/revisions\/1409"}],"wp:featuredmedia":[{"embeddable":true,"href":"https:\/\/rehabitare.direito.ufmg.br\/index.php?rest_route=\/wp\/v2\/media\/1408"}],"wp:attachment":[{"href":"https:\/\/rehabitare.direito.ufmg.br\/index.php?rest_route=%2Fwp%2Fv2%2Fmedia&parent=1407"}],"wp:term":[{"taxonomy":"category","embeddable":true,"href":"https:\/\/rehabitare.direito.ufmg.br\/index.php?rest_route=%2Fwp%2Fv2%2Fcategories&post=1407"},{"taxonomy":"post_tag","embeddable":true,"href":"https:\/\/rehabitare.direito.ufmg.br\/index.php?rest_route=%2Fwp%2Fv2%2Ftags&post=1407"}],"curies":[{"name":"wp","href":"https:\/\/api.w.org\/{rel}","templated":true}]}}