{"id":1454,"date":"2018-06-22T16:12:44","date_gmt":"2018-06-22T19:12:44","guid":{"rendered":"http:\/\/rehabitare.direito.ufmg.br\/?p=1454"},"modified":"2018-06-22T16:12:44","modified_gmt":"2018-06-22T19:12:44","slug":"projeto-de-ocupacao-em-area-de-fragilidade-ambiental-e-aprovado-em-reunioes-extraordinarias-em-piracicaba","status":"publish","type":"post","link":"https:\/\/rehabitare.direito.ufmg.br\/?p=1454","title":{"rendered":"Projeto de ocupa\u00e7\u00e3o em \u00e1rea de fragilidade ambiental \u00e9 aprovado em reuni\u00f5es extraordin\u00e1rias em Piracicaba"},"content":{"rendered":"<p>&#8221; O\u00a0Projeto de Lei Complementar (PLC) deocupa\u00e7\u00e3o urbana de uma \u00e1rea de fragilidade ambiental na regi\u00e3o do bairro Santa Terezinha em Piraicaba (SP) foi aprovado pela C\u00e2mara de Vereadores na noite desta quinta-feira (21). A aprova\u00e7\u00e3o em primeira e segunda discuss\u00f5es aconteceu durante reuni\u00f5es extraordin\u00e1rias convocadas pelos vereadores para a vota\u00e7\u00e3o da propositura. O projeto agora segue para san\u00e7\u00e3o do prefeito.&#8221;<\/p>\n<p>Por <a href=\"https:\/\/g1.globo.com\/sp\/piracicaba-regiao\/noticia\/projeto-de-ocupacao-em-area-de-fragilidade-ambiental-e-aprovado-em-reunioes-extraordinarias-em-piracicaba.ghtml\" target=\"_blank\" rel=\"noopener\">G1.<\/a><\/p>\n","protected":false},"excerpt":{"rendered":"<p>&#8221; O\u00a0Projeto de Lei Complementar (PLC) deocupa\u00e7\u00e3o urbana de uma \u00e1rea de fragilidade ambiental na regi\u00e3o do bairro Santa Terezinha em Piraicaba (SP) foi aprovado [&hellip;] <span class=\"read-more-link\"><a class=\"read-more\" href=\"https:\/\/rehabitare.direito.ufmg.br\/?p=1454\">Read More<\/a><\/span><\/p>\n","protected":false},"author":1,"featured_media":145,"comment_status":"open","ping_status":"open","sticky":false,"template":"","format":"standard","meta":{"footnotes":""},"categories":[7],"tags":[4],"class_list":["post-1454","post","type-post","status-publish","format-standard","has-post-thumbnail","hentry","category-noticias","tag-ocupacao"],"_links":{"self":[{"href":"https:\/\/rehabitare.direito.ufmg.br\/index.php?rest_route=\/wp\/v2\/posts\/1454"}],"collection":[{"href":"https:\/\/rehabitare.direito.ufmg.br\/index.php?rest_route=\/wp\/v2\/posts"}],"about":[{"href":"https:\/\/rehabitare.direito.ufmg.br\/index.php?rest_route=\/wp\/v2\/types\/post"}],"author":[{"embeddable":true,"href":"https:\/\/rehabitare.direito.ufmg.br\/index.php?rest_route=\/wp\/v2\/users\/1"}],"replies":[{"embeddable":true,"href":"https:\/\/rehabitare.direito.ufmg.br\/index.php?rest_route=%2Fwp%2Fv2%2Fcomments&post=1454"}],"version-history":[{"count":1,"href":"https:\/\/rehabitare.direito.ufmg.br\/index.php?rest_route=\/wp\/v2\/posts\/1454\/revisions"}],"predecessor-version":[{"id":1455,"href":"https:\/\/rehabitare.direito.ufmg.br\/index.php?rest_route=\/wp\/v2\/posts\/1454\/revisions\/1455"}],"wp:featuredmedia":[{"embeddable":true,"href":"https:\/\/rehabitare.direito.ufmg.br\/index.php?rest_route=\/wp\/v2\/media\/145"}],"wp:attachment":[{"href":"https:\/\/rehabitare.direito.ufmg.br\/index.php?rest_route=%2Fwp%2Fv2%2Fmedia&parent=1454"}],"wp:term":[{"taxonomy":"category","embeddable":true,"href":"https:\/\/rehabitare.direito.ufmg.br\/index.php?rest_route=%2Fwp%2Fv2%2Fcategories&post=1454"},{"taxonomy":"post_tag","embeddable":true,"href":"https:\/\/rehabitare.direito.ufmg.br\/index.php?rest_route=%2Fwp%2Fv2%2Ftags&post=1454"}],"curies":[{"name":"wp","href":"https:\/\/api.w.org\/{rel}","templated":true}]}}