{"id":1475,"date":"2018-07-05T12:10:51","date_gmt":"2018-07-05T15:10:51","guid":{"rendered":"http:\/\/rehabitare.direito.ufmg.br\/?p=1475"},"modified":"2018-07-05T12:10:51","modified_gmt":"2018-07-05T15:10:51","slug":"ibge-apenas-397-dos-municipios-tinham-plano-de-habitacao-em-2017","status":"publish","type":"post","link":"https:\/\/rehabitare.direito.ufmg.br\/?p=1475","title":{"rendered":"IBGE: apenas 39,7% dos munic\u00edpios tinham plano de habita\u00e7\u00e3o em 2017"},"content":{"rendered":"<p style=\"text-align: justify;\">&#8220;Dos 5.570 munic\u00edpios brasileiros, cerca de 70% tinham em 2017 algum tipo de estrutura respons\u00e1vel pelas pol\u00edticas de moradia. No entanto, apenas 39,7% tinham um Plano Municipal de Habita\u00e7\u00e3o, uma exig\u00eancia para que as cidades acessem os recursos do Sistema Nacional de Habita\u00e7\u00e3o de Interesse Social. Os dados s\u00e3o do Perfil dos Munic\u00edpios Brasileiros (Munic 2017), divulgados hoje (5) pelo Instituto Brasileiro de Geografia e Estat\u00edstica (IBGE).&#8221;<\/p>\n<p>Por <a href=\"http:\/\/agenciabrasil.ebc.com.br\/geral\/noticia\/2018-07\/ibge-apenas-397-dos-municipios-tinham-plano-de-habitacao-em-2017\" target=\"_blank\" rel=\"noopener\">IBGE.\u00a0<\/a><\/p>\n","protected":false},"excerpt":{"rendered":"<p>&#8220;Dos 5.570 munic\u00edpios brasileiros, cerca de 70% tinham em 2017 algum tipo de estrutura respons\u00e1vel pelas pol\u00edticas de moradia. No entanto, apenas 39,7% tinham um [&hellip;] <span class=\"read-more-link\"><a class=\"read-more\" href=\"https:\/\/rehabitare.direito.ufmg.br\/?p=1475\">Read More<\/a><\/span><\/p>\n","protected":false},"author":1,"featured_media":1476,"comment_status":"open","ping_status":"open","sticky":false,"template":"","format":"standard","meta":{"footnotes":""},"categories":[7],"tags":[141],"class_list":["post-1475","post","type-post","status-publish","format-standard","has-post-thumbnail","hentry","category-noticias","tag-deficit-habitacional"],"_links":{"self":[{"href":"https:\/\/rehabitare.direito.ufmg.br\/index.php?rest_route=\/wp\/v2\/posts\/1475"}],"collection":[{"href":"https:\/\/rehabitare.direito.ufmg.br\/index.php?rest_route=\/wp\/v2\/posts"}],"about":[{"href":"https:\/\/rehabitare.direito.ufmg.br\/index.php?rest_route=\/wp\/v2\/types\/post"}],"author":[{"embeddable":true,"href":"https:\/\/rehabitare.direito.ufmg.br\/index.php?rest_route=\/wp\/v2\/users\/1"}],"replies":[{"embeddable":true,"href":"https:\/\/rehabitare.direito.ufmg.br\/index.php?rest_route=%2Fwp%2Fv2%2Fcomments&post=1475"}],"version-history":[{"count":1,"href":"https:\/\/rehabitare.direito.ufmg.br\/index.php?rest_route=\/wp\/v2\/posts\/1475\/revisions"}],"predecessor-version":[{"id":1477,"href":"https:\/\/rehabitare.direito.ufmg.br\/index.php?rest_route=\/wp\/v2\/posts\/1475\/revisions\/1477"}],"wp:featuredmedia":[{"embeddable":true,"href":"https:\/\/rehabitare.direito.ufmg.br\/index.php?rest_route=\/wp\/v2\/media\/1476"}],"wp:attachment":[{"href":"https:\/\/rehabitare.direito.ufmg.br\/index.php?rest_route=%2Fwp%2Fv2%2Fmedia&parent=1475"}],"wp:term":[{"taxonomy":"category","embeddable":true,"href":"https:\/\/rehabitare.direito.ufmg.br\/index.php?rest_route=%2Fwp%2Fv2%2Fcategories&post=1475"},{"taxonomy":"post_tag","embeddable":true,"href":"https:\/\/rehabitare.direito.ufmg.br\/index.php?rest_route=%2Fwp%2Fv2%2Ftags&post=1475"}],"curies":[{"name":"wp","href":"https:\/\/api.w.org\/{rel}","templated":true}]}}