{"id":1638,"date":"2018-08-17T11:00:16","date_gmt":"2018-08-17T14:00:16","guid":{"rendered":"http:\/\/rehabitare.direito.ufmg.br\/?p=1638"},"modified":"2018-08-17T11:00:16","modified_gmt":"2018-08-17T14:00:16","slug":"tj-sp-da-prazo-para-municipio-comecar-e-terminar-obras-de-urbanizacao","status":"publish","type":"post","link":"https:\/\/rehabitare.direito.ufmg.br\/?p=1638","title":{"rendered":"TJ-SP d\u00e1 prazo para munic\u00edpio come\u00e7ar e terminar obras de urbaniza\u00e7\u00e3o"},"content":{"rendered":"<p style=\"text-align: justify;\">&#8220;Quando um munic\u00edpio tem alternativas de regularizar uma \u00e1rea e promover urbaniza\u00e7\u00e3o de um n\u00facleo habitacional, n\u00e3o h\u00e1 motivos para determinar a desocupa\u00e7\u00e3o antes de esgotar essa possibilidade. Com esse entendimento, a 4\u00aa C\u00e2mara de Direito P\u00fablico do Tribunal de Justi\u00e7a de S\u00e3o Paulo deu um ano e meio\u00a0para que munic\u00edpio de Guarulhos (SP) conclua\u00a0obras de urbaniza\u00e7\u00e3o.&#8221;<\/p>\n<p>Por <a href=\"https:\/\/www.conjur.com.br\/2018-ago-11\/tj-prazo-municipio-comecar-terminar-obras-urbanizacao\" target=\"_blank\" rel=\"noopener\">Consultor Jur\u00eddico<\/a><\/p>\n","protected":false},"excerpt":{"rendered":"<p>&#8220;Quando um munic\u00edpio tem alternativas de regularizar uma \u00e1rea e promover urbaniza\u00e7\u00e3o de um n\u00facleo habitacional, n\u00e3o h\u00e1 motivos para determinar a desocupa\u00e7\u00e3o antes de [&hellip;] <span class=\"read-more-link\"><a class=\"read-more\" href=\"https:\/\/rehabitare.direito.ufmg.br\/?p=1638\">Read More<\/a><\/span><\/p>\n","protected":false},"author":1,"featured_media":1639,"comment_status":"open","ping_status":"open","sticky":false,"template":"","format":"standard","meta":{"footnotes":""},"categories":[7],"tags":[10],"class_list":["post-1638","post","type-post","status-publish","format-standard","has-post-thumbnail","hentry","category-noticias","tag-regularizacao-fundiaria"],"_links":{"self":[{"href":"https:\/\/rehabitare.direito.ufmg.br\/index.php?rest_route=\/wp\/v2\/posts\/1638"}],"collection":[{"href":"https:\/\/rehabitare.direito.ufmg.br\/index.php?rest_route=\/wp\/v2\/posts"}],"about":[{"href":"https:\/\/rehabitare.direito.ufmg.br\/index.php?rest_route=\/wp\/v2\/types\/post"}],"author":[{"embeddable":true,"href":"https:\/\/rehabitare.direito.ufmg.br\/index.php?rest_route=\/wp\/v2\/users\/1"}],"replies":[{"embeddable":true,"href":"https:\/\/rehabitare.direito.ufmg.br\/index.php?rest_route=%2Fwp%2Fv2%2Fcomments&post=1638"}],"version-history":[{"count":1,"href":"https:\/\/rehabitare.direito.ufmg.br\/index.php?rest_route=\/wp\/v2\/posts\/1638\/revisions"}],"predecessor-version":[{"id":1640,"href":"https:\/\/rehabitare.direito.ufmg.br\/index.php?rest_route=\/wp\/v2\/posts\/1638\/revisions\/1640"}],"wp:featuredmedia":[{"embeddable":true,"href":"https:\/\/rehabitare.direito.ufmg.br\/index.php?rest_route=\/wp\/v2\/media\/1639"}],"wp:attachment":[{"href":"https:\/\/rehabitare.direito.ufmg.br\/index.php?rest_route=%2Fwp%2Fv2%2Fmedia&parent=1638"}],"wp:term":[{"taxonomy":"category","embeddable":true,"href":"https:\/\/rehabitare.direito.ufmg.br\/index.php?rest_route=%2Fwp%2Fv2%2Fcategories&post=1638"},{"taxonomy":"post_tag","embeddable":true,"href":"https:\/\/rehabitare.direito.ufmg.br\/index.php?rest_route=%2Fwp%2Fv2%2Ftags&post=1638"}],"curies":[{"name":"wp","href":"https:\/\/api.w.org\/{rel}","templated":true}]}}