{"id":1661,"date":"2018-08-21T16:19:53","date_gmt":"2018-08-21T19:19:53","guid":{"rendered":"http:\/\/rehabitare.direito.ufmg.br\/?p=1661"},"modified":"2018-08-21T16:23:38","modified_gmt":"2018-08-21T19:23:38","slug":"projeto-de-pesquisa-e-extensao-re-habitare-cria-guia-informativo-sobre-remocoes-forcadas","status":"publish","type":"post","link":"https:\/\/rehabitare.direito.ufmg.br\/?p=1661","title":{"rendered":"PROJETO DE PESQUISA E EXTENS\u00c3O RE-HABITARE CRIA GUIA INFORMATIVO SOBRE REMO\u00c7\u00d5ES FOR\u00c7ADAS"},"content":{"rendered":"<p>&nbsp;<\/p>\n<p><strong><em><span style=\"font-size: 12pt;\">Por Gustavo Andrade\/\u00a0Bolsista do Projeto de Extens\u00e3o RE-HABITARE\/UFMG<\/span><\/em><\/strong><\/p>\n<p style=\"text-align: justify;\"><span style=\"font-weight: 400;\">O Projeto de Pesquisa e Extens\u00e3o RE-HABITARE pretende consolidar um espa\u00e7o permanente e interdisciplinar disposto a construir mecanismos que possibilitem a concretiza\u00e7\u00e3o do usufruto equitativo e da democracia na cidade. Neste sentido, o Projeto lan\u00e7ou o Guia \u201cO processo de remo\u00e7\u00e3o for\u00e7ada: passo a passo do direito dos moradores\u201d para tratar das etapas do processo de remo\u00e7\u00e3o for\u00e7ada e os direitos dos moradores afetados por remo\u00e7\u00f5es realizadas pelo Poder P\u00fablico, especificamente nos seguintes casos: obras p\u00fablicas, \u00e1reas de risco, e espa\u00e7os ambientais protegidos. <\/span><\/p>\n<p style=\"text-align: justify;\"><span style=\"font-weight: 400;\">Com texto do Prof. Daniel Gaio, do Departamento de Direito P\u00fablico da Faculdade de Direito da UFMG, e projeto gr\u00e1fico da bolsista Juliana de Carvalho Dias, a iniciativa de criar um material que auxiliasse os moradores afetados e os defensores do direito \u00e0 moradia em processos de remo\u00e7\u00f5es for\u00e7adas surgiu a partir da proposta do RE-HABITARE em firmar parceria com a Divis\u00e3o de Assist\u00eancia Jur\u00eddica da Universidade Federal de Minas Gerais (DAJ\/UFMG) para o atendimento de moradores v\u00edtimas de remo\u00e7\u00f5es.<\/span><\/p>\n<p style=\"text-align: justify;\"><span style=\"font-weight: 400;\">O Guia \u00e9 composto por 24 p\u00e1ginas que tratam da antes, durante e p\u00f3s remo\u00e7\u00e3o. Al\u00e9m das fases que comp\u00f5em o processo o material traz informa\u00e7\u00f5es sobre os locais em que os moradores devem procurar seus direitos, como a DAJ\/UFMG com a colabora\u00e7\u00e3o do RE-HABITARE, a Defensoria P\u00fablica do Estado de Minas Gerais, a Defensoria P\u00fablica da Uni\u00e3o, e a Procuradoria dos Direitos dos Cidad\u00e3os (Minist\u00e9rio P\u00fablico Federal).<\/span><\/p>\n<p style=\"text-align: justify;\"><span style=\"font-weight: 400;\">Acompanhado da fundamenta\u00e7\u00e3o normativa e de documentos da ONU, o Guia aborda direitos que comumente s\u00e3o violados pelo Poder P\u00fablico em um processo de remo\u00e7\u00e3o, tais como: o direito \u00e0 informa\u00e7\u00e3o e \u00e0 participa\u00e7\u00e3o; a instaura\u00e7\u00e3o de um processo administrativo; o dever do \u00a0\u00f3rg\u00e3o p\u00fablico fundamentar a necessidade e a aus\u00eancia de alternativas \u00e0 remo\u00e7\u00e3o; o direito ao reassentamento e \u00e0 justa indeniza\u00e7\u00e3o. <\/span><\/p>\n<p style=\"text-align: justify;\"><span style=\"font-weight: 400;\">Desde modo, o Guia pretende contribuir para que as comunidades afetadas por despejos for\u00e7ados se antecipem e questionem quaisquer tentativas de viola\u00e7\u00f5es ao direito \u00e0 moradia, condicionando eventual remo\u00e7\u00e3o a uma justa compensa\u00e7\u00e3o, conforme preconiza o texto constitucional brasileiro e os documentos internacionais de direitos humanos. <\/span><\/p>\n","protected":false},"excerpt":{"rendered":"<p>&nbsp; Por Gustavo Andrade\/\u00a0Bolsista do Projeto de Extens\u00e3o RE-HABITARE\/UFMG O Projeto de Pesquisa e Extens\u00e3o RE-HABITARE pretende consolidar um espa\u00e7o permanente e interdisciplinar disposto a [&hellip;] <span class=\"read-more-link\"><a class=\"read-more\" href=\"https:\/\/rehabitare.direito.ufmg.br\/?p=1661\">Read More<\/a><\/span><\/p>\n","protected":false},"author":1,"featured_media":1480,"comment_status":"open","ping_status":"open","sticky":false,"template":"","format":"standard","meta":{"footnotes":""},"categories":[7],"tags":[155,144],"class_list":["post-1661","post","type-post","status-publish","format-standard","has-post-thumbnail","hentry","category-noticias","tag-guia","tag-remocoes-forcadas"],"_links":{"self":[{"href":"https:\/\/rehabitare.direito.ufmg.br\/index.php?rest_route=\/wp\/v2\/posts\/1661"}],"collection":[{"href":"https:\/\/rehabitare.direito.ufmg.br\/index.php?rest_route=\/wp\/v2\/posts"}],"about":[{"href":"https:\/\/rehabitare.direito.ufmg.br\/index.php?rest_route=\/wp\/v2\/types\/post"}],"author":[{"embeddable":true,"href":"https:\/\/rehabitare.direito.ufmg.br\/index.php?rest_route=\/wp\/v2\/users\/1"}],"replies":[{"embeddable":true,"href":"https:\/\/rehabitare.direito.ufmg.br\/index.php?rest_route=%2Fwp%2Fv2%2Fcomments&post=1661"}],"version-history":[{"count":1,"href":"https:\/\/rehabitare.direito.ufmg.br\/index.php?rest_route=\/wp\/v2\/posts\/1661\/revisions"}],"predecessor-version":[{"id":1662,"href":"https:\/\/rehabitare.direito.ufmg.br\/index.php?rest_route=\/wp\/v2\/posts\/1661\/revisions\/1662"}],"wp:featuredmedia":[{"embeddable":true,"href":"https:\/\/rehabitare.direito.ufmg.br\/index.php?rest_route=\/wp\/v2\/media\/1480"}],"wp:attachment":[{"href":"https:\/\/rehabitare.direito.ufmg.br\/index.php?rest_route=%2Fwp%2Fv2%2Fmedia&parent=1661"}],"wp:term":[{"taxonomy":"category","embeddable":true,"href":"https:\/\/rehabitare.direito.ufmg.br\/index.php?rest_route=%2Fwp%2Fv2%2Fcategories&post=1661"},{"taxonomy":"post_tag","embeddable":true,"href":"https:\/\/rehabitare.direito.ufmg.br\/index.php?rest_route=%2Fwp%2Fv2%2Ftags&post=1661"}],"curies":[{"name":"wp","href":"https:\/\/api.w.org\/{rel}","templated":true}]}}