{"id":1664,"date":"2018-08-22T11:15:22","date_gmt":"2018-08-22T14:15:22","guid":{"rendered":"http:\/\/rehabitare.direito.ufmg.br\/?p=1664"},"modified":"2018-08-22T11:33:18","modified_gmt":"2018-08-22T14:33:18","slug":"deficit-habitacional-atinge-22-milhoes-de-baianos","status":"publish","type":"post","link":"https:\/\/rehabitare.direito.ufmg.br\/?p=1664","title":{"rendered":"D\u00e9ficit habitacional atinge 2,2 milh\u00f5es de baianos"},"content":{"rendered":"<p style=\"text-align: justify;\">&#8220;A falta de moradia adequada gera, hoje, um d\u00e9ficit habitacional que ultrapassa 600 mil im\u00f3veis na Bahia. Trata-se de uma car\u00eancia de habita\u00e7\u00e3o formal &#8211; constru\u00edda com materiais dur\u00e1veis &#8211; que atinge quase 2,2 milh\u00f5es de baianos. Em meio ao forte crescimento do mercado imobili\u00e1rio do estado &#8211; que apresentou incremento de 179% no volume de lan\u00e7amentos no primeiro semestre deste ano -, milhares de fam\u00edlias continuam sonhando na conquista da verdadeira casa pr\u00f3pria, sobretudo na regi\u00e3o metropolitana de Salvador, onde o d\u00e9ficit \u00e9 de mais de 150 mil moradias.&#8221;<\/p>\n<p>Por <a href=\"https:\/\/economia.estadao.com.br\/blogs\/radar-imobiliario\/decreto-regulamenta-moradia-acessivel\/\">Correio 24 horas<\/a><\/p>\n","protected":false},"excerpt":{"rendered":"<p>&#8220;A falta de moradia adequada gera, hoje, um d\u00e9ficit habitacional que ultrapassa 600 mil im\u00f3veis na Bahia. Trata-se de uma car\u00eancia de habita\u00e7\u00e3o formal &#8211; [&hellip;] <span class=\"read-more-link\"><a class=\"read-more\" href=\"https:\/\/rehabitare.direito.ufmg.br\/?p=1664\">Read More<\/a><\/span><\/p>\n","protected":false},"author":1,"featured_media":1666,"comment_status":"open","ping_status":"open","sticky":false,"template":"","format":"standard","meta":{"footnotes":""},"categories":[7],"tags":[9],"class_list":["post-1664","post","type-post","status-publish","format-standard","has-post-thumbnail","hentry","category-noticias","tag-moradia-adequada"],"_links":{"self":[{"href":"https:\/\/rehabitare.direito.ufmg.br\/index.php?rest_route=\/wp\/v2\/posts\/1664"}],"collection":[{"href":"https:\/\/rehabitare.direito.ufmg.br\/index.php?rest_route=\/wp\/v2\/posts"}],"about":[{"href":"https:\/\/rehabitare.direito.ufmg.br\/index.php?rest_route=\/wp\/v2\/types\/post"}],"author":[{"embeddable":true,"href":"https:\/\/rehabitare.direito.ufmg.br\/index.php?rest_route=\/wp\/v2\/users\/1"}],"replies":[{"embeddable":true,"href":"https:\/\/rehabitare.direito.ufmg.br\/index.php?rest_route=%2Fwp%2Fv2%2Fcomments&post=1664"}],"version-history":[{"count":2,"href":"https:\/\/rehabitare.direito.ufmg.br\/index.php?rest_route=\/wp\/v2\/posts\/1664\/revisions"}],"predecessor-version":[{"id":1667,"href":"https:\/\/rehabitare.direito.ufmg.br\/index.php?rest_route=\/wp\/v2\/posts\/1664\/revisions\/1667"}],"wp:featuredmedia":[{"embeddable":true,"href":"https:\/\/rehabitare.direito.ufmg.br\/index.php?rest_route=\/wp\/v2\/media\/1666"}],"wp:attachment":[{"href":"https:\/\/rehabitare.direito.ufmg.br\/index.php?rest_route=%2Fwp%2Fv2%2Fmedia&parent=1664"}],"wp:term":[{"taxonomy":"category","embeddable":true,"href":"https:\/\/rehabitare.direito.ufmg.br\/index.php?rest_route=%2Fwp%2Fv2%2Fcategories&post=1664"},{"taxonomy":"post_tag","embeddable":true,"href":"https:\/\/rehabitare.direito.ufmg.br\/index.php?rest_route=%2Fwp%2Fv2%2Ftags&post=1664"}],"curies":[{"name":"wp","href":"https:\/\/api.w.org\/{rel}","templated":true}]}}