{"id":1715,"date":"2018-08-31T10:23:46","date_gmt":"2018-08-31T13:23:46","guid":{"rendered":"http:\/\/rehabitare.direito.ufmg.br\/?p=1715"},"modified":"2018-08-31T10:25:48","modified_gmt":"2018-08-31T13:25:48","slug":"minha-casa-minha-vida-atropelou-estrategia-do-plano-nacional-de-habitacao","status":"publish","type":"post","link":"https:\/\/rehabitare.direito.ufmg.br\/?p=1715","title":{"rendered":"Minha Casa, Minha Vida atropelou estrat\u00e9gia do Plano Nacional de Habita\u00e7\u00e3o"},"content":{"rendered":"<p style=\"text-align: justify;\">&#8220;Cl\u00e1udio Acioly, que coordena programas de habita\u00e7\u00e3o da ag\u00eancia ONU habitat, afirma que algumas unidades tinham \u00f3tima qualidade e outras apresentavam problemas. \u201cN\u00e3o \u00e9 quest\u00e3o de projeto em si, e sim de ter uma boa fiscaliza\u00e7\u00e3o\u201d.<\/p>\n<p style=\"text-align: justify;\">Grande parte dos projetos do Minha Casa, Minha Vida s\u00e3o localizados n\u00e3o na \u00e1rea urbana das cidades, mas na periferia.&#8221;<\/p>\n<p>Por <a href=\"http:\/\/m.cbn.globoradio.globo.com\/media\/audio\/206845\/minha-casa-minha-vida-atropelou-estrategia-do-plan.htm\">Jornal da CBN<\/a><\/p>\n<h2><\/h2>\n","protected":false},"excerpt":{"rendered":"<p>&#8220;Cl\u00e1udio Acioly, que coordena programas de habita\u00e7\u00e3o da ag\u00eancia ONU habitat, afirma que algumas unidades tinham \u00f3tima qualidade e outras apresentavam problemas. \u201cN\u00e3o \u00e9 quest\u00e3o [&hellip;] <span class=\"read-more-link\"><a class=\"read-more\" href=\"https:\/\/rehabitare.direito.ufmg.br\/?p=1715\">Read More<\/a><\/span><\/p>\n","protected":false},"author":1,"featured_media":1717,"comment_status":"open","ping_status":"open","sticky":false,"template":"","format":"standard","meta":{"footnotes":""},"categories":[7],"tags":[140],"class_list":["post-1715","post","type-post","status-publish","format-standard","has-post-thumbnail","hentry","category-noticias","tag-moradia-social"],"_links":{"self":[{"href":"https:\/\/rehabitare.direito.ufmg.br\/index.php?rest_route=\/wp\/v2\/posts\/1715"}],"collection":[{"href":"https:\/\/rehabitare.direito.ufmg.br\/index.php?rest_route=\/wp\/v2\/posts"}],"about":[{"href":"https:\/\/rehabitare.direito.ufmg.br\/index.php?rest_route=\/wp\/v2\/types\/post"}],"author":[{"embeddable":true,"href":"https:\/\/rehabitare.direito.ufmg.br\/index.php?rest_route=\/wp\/v2\/users\/1"}],"replies":[{"embeddable":true,"href":"https:\/\/rehabitare.direito.ufmg.br\/index.php?rest_route=%2Fwp%2Fv2%2Fcomments&post=1715"}],"version-history":[{"count":1,"href":"https:\/\/rehabitare.direito.ufmg.br\/index.php?rest_route=\/wp\/v2\/posts\/1715\/revisions"}],"predecessor-version":[{"id":1716,"href":"https:\/\/rehabitare.direito.ufmg.br\/index.php?rest_route=\/wp\/v2\/posts\/1715\/revisions\/1716"}],"wp:featuredmedia":[{"embeddable":true,"href":"https:\/\/rehabitare.direito.ufmg.br\/index.php?rest_route=\/wp\/v2\/media\/1717"}],"wp:attachment":[{"href":"https:\/\/rehabitare.direito.ufmg.br\/index.php?rest_route=%2Fwp%2Fv2%2Fmedia&parent=1715"}],"wp:term":[{"taxonomy":"category","embeddable":true,"href":"https:\/\/rehabitare.direito.ufmg.br\/index.php?rest_route=%2Fwp%2Fv2%2Fcategories&post=1715"},{"taxonomy":"post_tag","embeddable":true,"href":"https:\/\/rehabitare.direito.ufmg.br\/index.php?rest_route=%2Fwp%2Fv2%2Ftags&post=1715"}],"curies":[{"name":"wp","href":"https:\/\/api.w.org\/{rel}","templated":true}]}}