{"id":1909,"date":"2018-11-19T12:21:14","date_gmt":"2018-11-19T14:21:14","guid":{"rendered":"http:\/\/rehabitare.direito.ufmg.br\/?p=1909"},"modified":"2018-11-19T12:23:27","modified_gmt":"2018-11-19T14:23:27","slug":"deficit-habitacional-e-populacao-de-rua-crescentes-desafiam-gestao-bolsonaro","status":"publish","type":"post","link":"https:\/\/rehabitare.direito.ufmg.br\/?p=1909","title":{"rendered":"D\u00e9ficit habitacional e popula\u00e7\u00e3o de rua crescentes desafiam gest\u00e3o Bolsonaro"},"content":{"rendered":"<p style=\"text-align: justify;\">&#8220;O governo do presidente eleito, Jair Bolsonaro (PSL), ter\u00e1 que enfrentar um d\u00e9ficit habitacional crescente, agravado pela crise econ\u00f4mica, al\u00e9m de uma expans\u00e3o da popula\u00e7\u00e3o de rua e das ocupa\u00e7\u00f5es em grandes cidades.<\/p>\n<p style=\"text-align: justify;\">Apesar da gravidade da situa\u00e7\u00e3o, o plano de governo de Bolsonaro n\u00e3o tem propostas\u00a0<span class=\"text_exposed_show\">para a \u00e1rea. Durante a campanha, o ent\u00e3o candidato falou pouco sobre habita\u00e7\u00e3o, mas gravou v\u00eddeo em que se comprometia a manter o Minha Casa Minha Vida e reduzir taxas do programa.<\/span><\/p>\n<p style=\"text-align: justify;\">Em 2017, o d\u00e9ficit habitacional no pa\u00eds atingiu o maior n\u00edvel dos \u00faltimos dez anos, segundo pesquisa da Funda\u00e7\u00e3o Getulio Vargas (FGV) e da Associa\u00e7\u00e3o Brasileira de Incorporadoras Imobili\u00e1rias.&#8221;<\/p>\n<p style=\"text-align: justify;\">\n<p style=\"text-align: justify;\">Por<a href=\"https:\/\/www1.folha.uol.com.br\/cotidiano\/2018\/11\/deficit-habitacional-e-populacao-de-rua-crescentes-desafiam-nova-gestao.shtml\" target=\"_blank\" rel=\"noopener\"> Folha de S.Paulo<\/a><\/p>\n","protected":false},"excerpt":{"rendered":"<p>&#8220;O governo do presidente eleito, Jair Bolsonaro (PSL), ter\u00e1 que enfrentar um d\u00e9ficit habitacional crescente, agravado pela crise econ\u00f4mica, al\u00e9m de uma expans\u00e3o da popula\u00e7\u00e3o [&hellip;] <span class=\"read-more-link\"><a class=\"read-more\" href=\"https:\/\/rehabitare.direito.ufmg.br\/?p=1909\">Read More<\/a><\/span><\/p>\n","protected":false},"author":1,"featured_media":1910,"comment_status":"open","ping_status":"open","sticky":false,"template":"","format":"standard","meta":{"footnotes":""},"categories":[7],"tags":[141],"class_list":["post-1909","post","type-post","status-publish","format-standard","has-post-thumbnail","hentry","category-noticias","tag-deficit-habitacional"],"_links":{"self":[{"href":"https:\/\/rehabitare.direito.ufmg.br\/index.php?rest_route=\/wp\/v2\/posts\/1909"}],"collection":[{"href":"https:\/\/rehabitare.direito.ufmg.br\/index.php?rest_route=\/wp\/v2\/posts"}],"about":[{"href":"https:\/\/rehabitare.direito.ufmg.br\/index.php?rest_route=\/wp\/v2\/types\/post"}],"author":[{"embeddable":true,"href":"https:\/\/rehabitare.direito.ufmg.br\/index.php?rest_route=\/wp\/v2\/users\/1"}],"replies":[{"embeddable":true,"href":"https:\/\/rehabitare.direito.ufmg.br\/index.php?rest_route=%2Fwp%2Fv2%2Fcomments&post=1909"}],"version-history":[{"count":2,"href":"https:\/\/rehabitare.direito.ufmg.br\/index.php?rest_route=\/wp\/v2\/posts\/1909\/revisions"}],"predecessor-version":[{"id":1912,"href":"https:\/\/rehabitare.direito.ufmg.br\/index.php?rest_route=\/wp\/v2\/posts\/1909\/revisions\/1912"}],"wp:featuredmedia":[{"embeddable":true,"href":"https:\/\/rehabitare.direito.ufmg.br\/index.php?rest_route=\/wp\/v2\/media\/1910"}],"wp:attachment":[{"href":"https:\/\/rehabitare.direito.ufmg.br\/index.php?rest_route=%2Fwp%2Fv2%2Fmedia&parent=1909"}],"wp:term":[{"taxonomy":"category","embeddable":true,"href":"https:\/\/rehabitare.direito.ufmg.br\/index.php?rest_route=%2Fwp%2Fv2%2Fcategories&post=1909"},{"taxonomy":"post_tag","embeddable":true,"href":"https:\/\/rehabitare.direito.ufmg.br\/index.php?rest_route=%2Fwp%2Fv2%2Ftags&post=1909"}],"curies":[{"name":"wp","href":"https:\/\/api.w.org\/{rel}","templated":true}]}}