{"id":1942,"date":"2018-12-01T17:34:44","date_gmt":"2018-12-01T19:34:44","guid":{"rendered":"http:\/\/rehabitare.direito.ufmg.br\/?p=1942"},"modified":"2018-11-30T17:37:54","modified_gmt":"2018-11-30T19:37:54","slug":"1942","status":"publish","type":"post","link":"https:\/\/rehabitare.direito.ufmg.br\/?p=1942","title":{"rendered":"Comiss\u00e3o de Direitos Humanos contraria juiz e confirma alta produ\u00e7\u00e3o agr\u00edcola do MST"},"content":{"rendered":"<p>&#8220;O relat\u00f3rio da Comiss\u00e3o de Direitos Humanos e Minorias da C\u00e2mara dos Deputados que esteve na \u00e1rea da fazenda Ariadn\u00f3polis, em Campo do Meio (MG), constatou que os dez acampamentos de agricultores do MST, que est\u00e3o h\u00e1 mais de 20 anos na disputa pela terra, produzem 1.100 hectares de lavouras diversas.<\/p>\n<p>Na \u00e1rea s\u00e3o cultivados ainda 1,8 milh\u00e3o de p\u00e9s de caf\u00e9, no modelo de agroecologia ou de transi\u00e7\u00e3o, que produzem 510 toneladas de caf\u00e9 por ano, comercializados sob a marca Caf\u00e9 Guai\u00ed, para o mercado nacional e para exporta\u00e7\u00e3o, e que sustentam as 450 fam\u00edlias da ocupa\u00e7\u00e3o.&#8221;<\/p>\n<p>Por <a href=\"https:\/\/www.brasildefato.com.br\/2018\/11\/29\/comissao-de-direitos-humanos-contraria-juiz-e-confirma-alta-producao-agricola-do-mst\/\" target=\"_blank\" rel=\"noopener\">Brasil de Fato<\/a><\/p>\n","protected":false},"excerpt":{"rendered":"<p>&#8220;O relat\u00f3rio da Comiss\u00e3o de Direitos Humanos e Minorias da C\u00e2mara dos Deputados que esteve na \u00e1rea da fazenda Ariadn\u00f3polis, em Campo do Meio (MG), [&hellip;] <span class=\"read-more-link\"><a class=\"read-more\" href=\"https:\/\/rehabitare.direito.ufmg.br\/?p=1942\">Read More<\/a><\/span><\/p>\n","protected":false},"author":1,"featured_media":1943,"comment_status":"open","ping_status":"open","sticky":false,"template":"","format":"standard","meta":{"footnotes":""},"categories":[7],"tags":[166],"class_list":["post-1942","post","type-post","status-publish","format-standard","has-post-thumbnail","hentry","category-noticias","tag-mst"],"_links":{"self":[{"href":"https:\/\/rehabitare.direito.ufmg.br\/index.php?rest_route=\/wp\/v2\/posts\/1942"}],"collection":[{"href":"https:\/\/rehabitare.direito.ufmg.br\/index.php?rest_route=\/wp\/v2\/posts"}],"about":[{"href":"https:\/\/rehabitare.direito.ufmg.br\/index.php?rest_route=\/wp\/v2\/types\/post"}],"author":[{"embeddable":true,"href":"https:\/\/rehabitare.direito.ufmg.br\/index.php?rest_route=\/wp\/v2\/users\/1"}],"replies":[{"embeddable":true,"href":"https:\/\/rehabitare.direito.ufmg.br\/index.php?rest_route=%2Fwp%2Fv2%2Fcomments&post=1942"}],"version-history":[{"count":2,"href":"https:\/\/rehabitare.direito.ufmg.br\/index.php?rest_route=\/wp\/v2\/posts\/1942\/revisions"}],"predecessor-version":[{"id":1945,"href":"https:\/\/rehabitare.direito.ufmg.br\/index.php?rest_route=\/wp\/v2\/posts\/1942\/revisions\/1945"}],"wp:featuredmedia":[{"embeddable":true,"href":"https:\/\/rehabitare.direito.ufmg.br\/index.php?rest_route=\/wp\/v2\/media\/1943"}],"wp:attachment":[{"href":"https:\/\/rehabitare.direito.ufmg.br\/index.php?rest_route=%2Fwp%2Fv2%2Fmedia&parent=1942"}],"wp:term":[{"taxonomy":"category","embeddable":true,"href":"https:\/\/rehabitare.direito.ufmg.br\/index.php?rest_route=%2Fwp%2Fv2%2Fcategories&post=1942"},{"taxonomy":"post_tag","embeddable":true,"href":"https:\/\/rehabitare.direito.ufmg.br\/index.php?rest_route=%2Fwp%2Fv2%2Ftags&post=1942"}],"curies":[{"name":"wp","href":"https:\/\/api.w.org\/{rel}","templated":true}]}}