{"id":2045,"date":"2019-02-04T17:04:34","date_gmt":"2019-02-04T19:04:34","guid":{"rendered":"http:\/\/rehabitare.direito.ufmg.br\/?p=2045"},"modified":"2019-02-05T11:07:05","modified_gmt":"2019-02-05T13:07:05","slug":"folha-bancaria-sindicalize-se-informacoes-servicos-visibilidade-protagonistas-nas-ocupacoes-mulheres-contam-luta-por-moradia-em-serie-do-mtst","status":"publish","type":"post","link":"https:\/\/rehabitare.direito.ufmg.br\/?p=2045","title":{"rendered":"Protagonistas nas ocupa\u00e7\u00f5es, mulheres contam luta por moradia em s\u00e9rie do MTST"},"content":{"rendered":"<p style=\"text-align: justify;\">&#8220;Movimento dos Trabalhadores Sem Teto (MTST) cria s\u00e9rie online para contar a trajet\u00f3ria de vida das militantes e trabalhadoras que atuam na luta por habita\u00e7\u00e3o urbana.&#8221;<\/p>\n<p>&nbsp;<\/p>\n<p>Por:\u00a0<a href=\"http:\/\/spbancarios.com.br\/02\/2019\/protagonistas-nas-ocupacoes-mulheres-contam-luta-por-moradia-em-serie-do-mtst\" target=\"_blank\" rel=\"noopener\">SP Banc\u00e1rios<\/a><\/p>\n","protected":false},"excerpt":{"rendered":"<p>&#8220;Movimento dos Trabalhadores Sem Teto (MTST) cria s\u00e9rie online para contar a trajet\u00f3ria de vida das militantes e trabalhadoras que atuam na luta por habita\u00e7\u00e3o [&hellip;] <span class=\"read-more-link\"><a class=\"read-more\" href=\"https:\/\/rehabitare.direito.ufmg.br\/?p=2045\">Read More<\/a><\/span><\/p>\n","protected":false},"author":1,"featured_media":2046,"comment_status":"open","ping_status":"open","sticky":false,"template":"","format":"standard","meta":{"footnotes":""},"categories":[7],"tags":[142],"class_list":["post-2045","post","type-post","status-publish","format-standard","has-post-thumbnail","hentry","category-noticias","tag-mulheres-e-moradia"],"_links":{"self":[{"href":"https:\/\/rehabitare.direito.ufmg.br\/index.php?rest_route=\/wp\/v2\/posts\/2045"}],"collection":[{"href":"https:\/\/rehabitare.direito.ufmg.br\/index.php?rest_route=\/wp\/v2\/posts"}],"about":[{"href":"https:\/\/rehabitare.direito.ufmg.br\/index.php?rest_route=\/wp\/v2\/types\/post"}],"author":[{"embeddable":true,"href":"https:\/\/rehabitare.direito.ufmg.br\/index.php?rest_route=\/wp\/v2\/users\/1"}],"replies":[{"embeddable":true,"href":"https:\/\/rehabitare.direito.ufmg.br\/index.php?rest_route=%2Fwp%2Fv2%2Fcomments&post=2045"}],"version-history":[{"count":2,"href":"https:\/\/rehabitare.direito.ufmg.br\/index.php?rest_route=\/wp\/v2\/posts\/2045\/revisions"}],"predecessor-version":[{"id":2051,"href":"https:\/\/rehabitare.direito.ufmg.br\/index.php?rest_route=\/wp\/v2\/posts\/2045\/revisions\/2051"}],"wp:featuredmedia":[{"embeddable":true,"href":"https:\/\/rehabitare.direito.ufmg.br\/index.php?rest_route=\/wp\/v2\/media\/2046"}],"wp:attachment":[{"href":"https:\/\/rehabitare.direito.ufmg.br\/index.php?rest_route=%2Fwp%2Fv2%2Fmedia&parent=2045"}],"wp:term":[{"taxonomy":"category","embeddable":true,"href":"https:\/\/rehabitare.direito.ufmg.br\/index.php?rest_route=%2Fwp%2Fv2%2Fcategories&post=2045"},{"taxonomy":"post_tag","embeddable":true,"href":"https:\/\/rehabitare.direito.ufmg.br\/index.php?rest_route=%2Fwp%2Fv2%2Ftags&post=2045"}],"curies":[{"name":"wp","href":"https:\/\/api.w.org\/{rel}","templated":true}]}}