{"id":2101,"date":"2019-03-19T17:21:18","date_gmt":"2019-03-19T20:21:18","guid":{"rendered":"http:\/\/rehabitare.direito.ufmg.br\/?p=2101"},"modified":"2019-03-19T17:21:18","modified_gmt":"2019-03-19T20:21:18","slug":"minha-casa-minha-rua-bh-tem-mais-sem-teto-do-que-a-populacao-de-411-cidades-mineiras","status":"publish","type":"post","link":"https:\/\/rehabitare.direito.ufmg.br\/?p=2101","title":{"rendered":"Minha Casa, Minha Rua: BH tem mais sem-teto do que a popula\u00e7\u00e3o de 411 cidades mineiras"},"content":{"rendered":"<p>&#8220;O n\u00famero de moradores em situa\u00e7\u00e3o de rua em Belo Horizonte j\u00e1 \u00e9 maior do que a popula\u00e7\u00e3o de 411 munic\u00edpios de Minas. Dados do Minist\u00e9rio da Cidadania referentes ao m\u00eas de janeiro apontam que a capital tem 7.824 pessoas sem-teto.<\/p>\n<p>Dentro dessa multid\u00e3o crescente, mas invis\u00edvel sob v\u00e1rios aspectos, homens, mulheres e idosos vivem no limite da luta por dignidade. O\u00a0<strong>Hoje em Dia<\/strong>\u00a0inicia hoje a s\u00e9rie \u201cOlhos da Rua\u201d, que vai contar hist\u00f3rias de sobreviv\u00eancia diante de um dos problemas cr\u00f4nicos da metr\u00f3pole. &#8221;<\/p>\n<p>&nbsp;<\/p>\n<p>Laia mais em: <a href=\"https:\/\/www.hojeemdia.com.br\/horizontes\/cidades\/minha-casa-minha-rua-bh-tem-mais-sem-teto-do-que-a-popula%C3%A7%C3%A3o-de-411-cidades-mineiras-1.701500?fbclid=IwAR0MM3E6S5Lj2PvT7ZS7FL3kb_5HSeHu7_5MiyJoJnJ132j2dVs_O55HGUU\">Hoje em Dia<\/a><\/p>\n","protected":false},"excerpt":{"rendered":"<p>&#8220;O n\u00famero de moradores em situa\u00e7\u00e3o de rua em Belo Horizonte j\u00e1 \u00e9 maior do que a popula\u00e7\u00e3o de 411 munic\u00edpios de Minas. Dados do [&hellip;] <span class=\"read-more-link\"><a class=\"read-more\" href=\"https:\/\/rehabitare.direito.ufmg.br\/?p=2101\">Read More<\/a><\/span><\/p>\n","protected":false},"author":1,"featured_media":2102,"comment_status":"open","ping_status":"open","sticky":false,"template":"","format":"standard","meta":{"footnotes":""},"categories":[7],"tags":[167],"class_list":["post-2101","post","type-post","status-publish","format-standard","has-post-thumbnail","hentry","category-noticias","tag-sem-teto"],"_links":{"self":[{"href":"https:\/\/rehabitare.direito.ufmg.br\/index.php?rest_route=\/wp\/v2\/posts\/2101"}],"collection":[{"href":"https:\/\/rehabitare.direito.ufmg.br\/index.php?rest_route=\/wp\/v2\/posts"}],"about":[{"href":"https:\/\/rehabitare.direito.ufmg.br\/index.php?rest_route=\/wp\/v2\/types\/post"}],"author":[{"embeddable":true,"href":"https:\/\/rehabitare.direito.ufmg.br\/index.php?rest_route=\/wp\/v2\/users\/1"}],"replies":[{"embeddable":true,"href":"https:\/\/rehabitare.direito.ufmg.br\/index.php?rest_route=%2Fwp%2Fv2%2Fcomments&post=2101"}],"version-history":[{"count":1,"href":"https:\/\/rehabitare.direito.ufmg.br\/index.php?rest_route=\/wp\/v2\/posts\/2101\/revisions"}],"predecessor-version":[{"id":2103,"href":"https:\/\/rehabitare.direito.ufmg.br\/index.php?rest_route=\/wp\/v2\/posts\/2101\/revisions\/2103"}],"wp:featuredmedia":[{"embeddable":true,"href":"https:\/\/rehabitare.direito.ufmg.br\/index.php?rest_route=\/wp\/v2\/media\/2102"}],"wp:attachment":[{"href":"https:\/\/rehabitare.direito.ufmg.br\/index.php?rest_route=%2Fwp%2Fv2%2Fmedia&parent=2101"}],"wp:term":[{"taxonomy":"category","embeddable":true,"href":"https:\/\/rehabitare.direito.ufmg.br\/index.php?rest_route=%2Fwp%2Fv2%2Fcategories&post=2101"},{"taxonomy":"post_tag","embeddable":true,"href":"https:\/\/rehabitare.direito.ufmg.br\/index.php?rest_route=%2Fwp%2Fv2%2Ftags&post=2101"}],"curies":[{"name":"wp","href":"https:\/\/api.w.org\/{rel}","templated":true}]}}