{"id":2116,"date":"2019-03-21T18:32:26","date_gmt":"2019-03-21T21:32:26","guid":{"rendered":"http:\/\/rehabitare.direito.ufmg.br\/?p=2116"},"modified":"2019-03-21T18:32:52","modified_gmt":"2019-03-21T21:32:52","slug":"contra-despejo-morador-de-rua-anda-com-decreto-da-prefeitura-na-mao","status":"publish","type":"post","link":"https:\/\/rehabitare.direito.ufmg.br\/?p=2116","title":{"rendered":"Contra &#8216;despejo&#8217;, morador de rua anda com decreto da prefeitura na m\u00e3o"},"content":{"rendered":"<p style=\"text-align: justify;\">&#8220;O texto, aprovado em 2016, determina que, ao abordar moradores de rua nas cal\u00e7adas, os funcion\u00e1rios p\u00fablicos devem preservar itens pessoais, como documentos, mochilas e roupas, al\u00e9m de instrumentos de trabalho, como ferramentas e carro\u00e7as.<\/p>\n<p style=\"text-align: justify;\">Durante a abordagem, mesmo mostrando o decreto impresso aos agentes p\u00fablicos, Fabio contou que n\u00e3o houve conversa. &#8220;Eles foram tirando as coisas e disseram que apenas estavam fazendo o trabalho deles.&#8221; O papel lhe foi dado pela namorada, assistente social que trabalha na prefeitura, que o ensinou sobre seus direitos em casos de abordagens.&#8221;<\/p>\n<p>&nbsp;<\/p>\n<p>Laia mais em: <a href=\"https:\/\/www1.folha.uol.com.br\/cotidiano\/2019\/03\/contra-despejo-morador-de-rua-anda-com-decreto-da-prefeitura-na-mao.shtml?fbclid=IwAR3ByLR5GibKWKpmah3Z1RNMzhsHfAU0z04f4VEnoT_vhMlk6DDmm9YgJh4\">Folha de S\u00e3o Paulo<\/a><\/p>\n","protected":false},"excerpt":{"rendered":"<p>&#8220;O texto, aprovado em 2016, determina que, ao abordar moradores de rua nas cal\u00e7adas, os funcion\u00e1rios p\u00fablicos devem preservar itens pessoais, como documentos, mochilas e [&hellip;] <span class=\"read-more-link\"><a class=\"read-more\" href=\"https:\/\/rehabitare.direito.ufmg.br\/?p=2116\">Read More<\/a><\/span><\/p>\n","protected":false},"author":1,"featured_media":2108,"comment_status":"open","ping_status":"open","sticky":false,"template":"","format":"standard","meta":{"footnotes":""},"categories":[7],"tags":[170],"class_list":["post-2116","post","type-post","status-publish","format-standard","has-post-thumbnail","hentry","category-noticias","tag-remocao"],"_links":{"self":[{"href":"https:\/\/rehabitare.direito.ufmg.br\/index.php?rest_route=\/wp\/v2\/posts\/2116"}],"collection":[{"href":"https:\/\/rehabitare.direito.ufmg.br\/index.php?rest_route=\/wp\/v2\/posts"}],"about":[{"href":"https:\/\/rehabitare.direito.ufmg.br\/index.php?rest_route=\/wp\/v2\/types\/post"}],"author":[{"embeddable":true,"href":"https:\/\/rehabitare.direito.ufmg.br\/index.php?rest_route=\/wp\/v2\/users\/1"}],"replies":[{"embeddable":true,"href":"https:\/\/rehabitare.direito.ufmg.br\/index.php?rest_route=%2Fwp%2Fv2%2Fcomments&post=2116"}],"version-history":[{"count":2,"href":"https:\/\/rehabitare.direito.ufmg.br\/index.php?rest_route=\/wp\/v2\/posts\/2116\/revisions"}],"predecessor-version":[{"id":2118,"href":"https:\/\/rehabitare.direito.ufmg.br\/index.php?rest_route=\/wp\/v2\/posts\/2116\/revisions\/2118"}],"wp:featuredmedia":[{"embeddable":true,"href":"https:\/\/rehabitare.direito.ufmg.br\/index.php?rest_route=\/wp\/v2\/media\/2108"}],"wp:attachment":[{"href":"https:\/\/rehabitare.direito.ufmg.br\/index.php?rest_route=%2Fwp%2Fv2%2Fmedia&parent=2116"}],"wp:term":[{"taxonomy":"category","embeddable":true,"href":"https:\/\/rehabitare.direito.ufmg.br\/index.php?rest_route=%2Fwp%2Fv2%2Fcategories&post=2116"},{"taxonomy":"post_tag","embeddable":true,"href":"https:\/\/rehabitare.direito.ufmg.br\/index.php?rest_route=%2Fwp%2Fv2%2Ftags&post=2116"}],"curies":[{"name":"wp","href":"https:\/\/api.w.org\/{rel}","templated":true}]}}