{"id":2387,"date":"2019-07-25T13:37:37","date_gmt":"2019-07-25T16:37:37","guid":{"rendered":"http:\/\/rehabitare.direito.ufmg.br\/?p=2387"},"modified":"2019-07-25T13:38:21","modified_gmt":"2019-07-25T16:38:21","slug":"lei-que-garante-moradia-as-mulheres-vitimas-de-violencia-e-sancionada-na-serra","status":"publish","type":"post","link":"https:\/\/rehabitare.direito.ufmg.br\/?p=2387","title":{"rendered":"Lei que garante moradia \u00e0s mulheres v\u00edtimas de viol\u00eancia \u00e9 sancionada na Serra (ES)"},"content":{"rendered":"<p style=\"text-align: justify;\">&#8220;O prefeito da Serra, Audifax Barcelos, sancionou a Lei n\u00ba 5.015, que garante 5% do total de moradias populares, de Programas Habitacionais, \u00e0s mulheres v\u00edtimas de viol\u00eancia e que sofreram tentativa de crime de feminic\u00eddio&#8221;.<\/p>\n<p style=\"text-align: justify;\">&#8220;Para a secret\u00e1ria de Habita\u00e7\u00e3o da Serra, Cristiane Stem, garantir moradia a essas v\u00edtimas \u00e9 resguard\u00e1-las, em certa medida, de neglig\u00eancia, discrimina\u00e7\u00e3o e explora\u00e7\u00e3o&#8221;.<\/p>\n<p style=\"text-align: justify;\">\u201cO c\u00edrculo de viol\u00eancia dom\u00e9stica \u00e9 muito dif\u00edcil de ser rompido. Na maioria das vezes, essas mulheres s\u00e3o totalmente dependentes economicamente de seus parceiros, incluindo a moradia e o sustento dos seus filhos. Ent\u00e3o, s\u00e3o necess\u00e1rias a\u00e7\u00f5es para garantir que a mulher violentada ingresse ao conv\u00edvio social, com prioridade na aquisi\u00e7\u00e3o de casas populares, sem depender do agressor financeiramente ou emocionalmente\u201d, disse Stem&#8221;.<\/p>\n<p>Leia mais em:<a href=\"https:\/\/www.folhavitoria.com.br\/geral\/noticia\/07\/2019\/lei-que-garante-moradia-as-mulheres-vitimas-de-violencia-e-sancionada-na-serra\" target=\"_blank\" rel=\"noopener\"> Folha Vit\u00f3ria<\/a><\/p>\n","protected":false},"excerpt":{"rendered":"<p>&#8220;O prefeito da Serra, Audifax Barcelos, sancionou a Lei n\u00ba 5.015, que garante 5% do total de moradias populares, de Programas Habitacionais, \u00e0s mulheres v\u00edtimas [&hellip;] <span class=\"read-more-link\"><a class=\"read-more\" href=\"https:\/\/rehabitare.direito.ufmg.br\/?p=2387\">Read More<\/a><\/span><\/p>\n","protected":false},"author":1,"featured_media":2388,"comment_status":"open","ping_status":"open","sticky":false,"template":"","format":"standard","meta":{"footnotes":""},"categories":[7],"tags":[142,190],"class_list":["post-2387","post","type-post","status-publish","format-standard","has-post-thumbnail","hentry","category-noticias","tag-mulheres-e-moradia","tag-programa-de-moradia"],"_links":{"self":[{"href":"https:\/\/rehabitare.direito.ufmg.br\/index.php?rest_route=\/wp\/v2\/posts\/2387"}],"collection":[{"href":"https:\/\/rehabitare.direito.ufmg.br\/index.php?rest_route=\/wp\/v2\/posts"}],"about":[{"href":"https:\/\/rehabitare.direito.ufmg.br\/index.php?rest_route=\/wp\/v2\/types\/post"}],"author":[{"embeddable":true,"href":"https:\/\/rehabitare.direito.ufmg.br\/index.php?rest_route=\/wp\/v2\/users\/1"}],"replies":[{"embeddable":true,"href":"https:\/\/rehabitare.direito.ufmg.br\/index.php?rest_route=%2Fwp%2Fv2%2Fcomments&post=2387"}],"version-history":[{"count":2,"href":"https:\/\/rehabitare.direito.ufmg.br\/index.php?rest_route=\/wp\/v2\/posts\/2387\/revisions"}],"predecessor-version":[{"id":2390,"href":"https:\/\/rehabitare.direito.ufmg.br\/index.php?rest_route=\/wp\/v2\/posts\/2387\/revisions\/2390"}],"wp:featuredmedia":[{"embeddable":true,"href":"https:\/\/rehabitare.direito.ufmg.br\/index.php?rest_route=\/wp\/v2\/media\/2388"}],"wp:attachment":[{"href":"https:\/\/rehabitare.direito.ufmg.br\/index.php?rest_route=%2Fwp%2Fv2%2Fmedia&parent=2387"}],"wp:term":[{"taxonomy":"category","embeddable":true,"href":"https:\/\/rehabitare.direito.ufmg.br\/index.php?rest_route=%2Fwp%2Fv2%2Fcategories&post=2387"},{"taxonomy":"post_tag","embeddable":true,"href":"https:\/\/rehabitare.direito.ufmg.br\/index.php?rest_route=%2Fwp%2Fv2%2Ftags&post=2387"}],"curies":[{"name":"wp","href":"https:\/\/api.w.org\/{rel}","templated":true}]}}