{"id":2483,"date":"2019-09-02T14:19:20","date_gmt":"2019-09-02T17:19:20","guid":{"rendered":"http:\/\/rehabitare.direito.ufmg.br\/?p=2483"},"modified":"2019-09-02T14:19:20","modified_gmt":"2019-09-02T17:19:20","slug":"direito-a-cidade-um-olhar-sobre-a-mobilidade-urbana-em-belo-horizonte","status":"publish","type":"post","link":"https:\/\/rehabitare.direito.ufmg.br\/?p=2483","title":{"rendered":"Direito \u00e0 Cidade: Um Olhar sobre a Mobilidade Urbana em Belo Horizonte."},"content":{"rendered":"<p style=\"text-align: justify;\"><em><strong>Por Giovana Paula Ramos Silveira Leite \/ Bolsista do Projeto de Extens\u00e3o RE-HABITARE (UFMG)\u00a0<\/strong><\/em><\/p>\n<p style=\"text-align: justify;\"><span data-contrast=\"none\">O RE-HABITARE, a partir da oferta da disciplina extensionista \u201cEspa\u00e7o Urbano e Direito das Cidades\u201d lecionada no segundo semestre de 2018 na Faculdade de Direito e Ci\u00eancias do Estado da UFMG, produziu uma s\u00e9rie de v\u00eddeos com os alunos, visando levar conhecimento acad\u00eamico e t\u00e9cnico de forma simples a popula\u00e7\u00e3o em geral, principalmente \u00e0 comunidade externa a Universidade, sendo esse um dos pap\u00e9is principais do nosso projeto de pesquisa e extens\u00e3o.\u00a0<\/span><span data-ccp-props=\"{&quot;201341983&quot;:0,&quot;335551550&quot;:6,&quot;335551620&quot;:6,&quot;335559739&quot;:160,&quot;335559740&quot;:360}\">\u00a0<\/span><\/p>\n<p style=\"text-align: justify;\"><span data-contrast=\"none\">O segundo v\u00eddeo parte dessa s\u00e9rie, assim como o primeiro\u00a0<\/span><a href=\"https:\/\/www.youtube.com\/watch?v=_XPOURj522Q&amp;feature=youtu.be\"><span data-contrast=\"none\">(Mobilidade Urbana I)<\/span><\/a><span data-contrast=\"none\">, aborda como tem\u00e1tica a mobilidade urbana, tratando como foco o tema na circunscri\u00e7\u00e3o de Belo Horizonte.\u00a0 Com base nesse assunto, os alunos da disciplina usaram como principal recurso as entrevistas, ao longo de todo v\u00eddeo foram entrevistados diversos cidad\u00e3os de Belo Horizonte que responderam perguntas sobre sua experi\u00eancia com o transporte p\u00fablico em seus cotidianos.<\/span><span data-ccp-props=\"{&quot;201341983&quot;:0,&quot;335551550&quot;:6,&quot;335551620&quot;:6,&quot;335559739&quot;:160,&quot;335559740&quot;:360}\">\u00a0<\/span><\/p>\n<p style=\"text-align: justify;\"><span data-contrast=\"none\">Ganha destaque no v\u00eddeo, a entrevista com Rodolfo, membro do Tarifa-Zero, movimento social que atua na quest\u00e3o da mobilidade urbana em Belo Horizonte<\/span><span data-contrast=\"none\">, que<\/span><span data-contrast=\"none\">\u00a0surgiu em 2013, a partir de uma campanha que tinha foco na luta pelo transporte como direito social. Em sua entrevista, \u00e9 feito um breve relato sobre a linha\u00a0<\/span><span data-contrast=\"none\">suplementar\u00a0<\/span><span data-contrast=\"none\">19,\u00a0<\/span><span data-contrast=\"none\">HOSPITAL EVANG\u00c9LICO\/SHOPPING BOULEVARD<\/span><span data-contrast=\"none\">, linha de \u00f4nibus organizada pela popula\u00e7\u00e3o,<\/span><span data-contrast=\"none\">\u00a0reivindicada pela sociedade junto ao movimento Tarifa-Zero,<\/span><span data-contrast=\"none\">\u00a0que possui<\/span><span data-contrast=\"none\">\u00a0pre\u00e7o popular, calculado pela sociedade com base nos custos da linha, que a \u00e9poca do v\u00eddeo custava R$1,50 e hoje custa R$1,65.<\/span><span data-ccp-props=\"{&quot;201341983&quot;:0,&quot;335551550&quot;:6,&quot;335551620&quot;:6,&quot;335559739&quot;:160,&quot;335559740&quot;:360}\">\u00a0<\/span><\/p>\n<p style=\"text-align: justify;\"><span data-contrast=\"none\">Para abordar o assunto, os integrantes do grupo utilizaram, al\u00e9m das entrevistas com a popula\u00e7\u00e3o e com o membro do Tarifa-Zero, dados da\u00a0<\/span><span data-contrast=\"none\">BHTrans<\/span><span data-contrast=\"none\">\u00a0 (Empresa de Transportes e Tr\u00e2nsito de Belo Horizonte), do\u00a0<\/span><span data-contrast=\"none\">Raking<\/span><span data-contrast=\"none\">\u00a0Nacional de Mobilidade Urbana, do Idec (Instituto Brasileiro de Defesa do Consumidor).<\/span><span data-ccp-props=\"{&quot;201341983&quot;:0,&quot;335551550&quot;:6,&quot;335551620&quot;:6,&quot;335559739&quot;:160,&quot;335559740&quot;:360}\">\u00a0<\/span><\/p>\n<p><span data-ccp-props=\"{&quot;201341983&quot;:0,&quot;335559739&quot;:160,&quot;335559740&quot;:259}\">\u00a0Assista ao v\u00eddeo em: <a href=\"https:\/\/youtu.be\/c7awQHRMGOg\" target=\"_blank\" rel=\"noopener\">Rehabitare UFMG<\/a><\/span><\/p>\n","protected":false},"excerpt":{"rendered":"<p>Por Giovana Paula Ramos Silveira Leite \/ Bolsista do Projeto de Extens\u00e3o RE-HABITARE (UFMG)\u00a0 O RE-HABITARE, a partir da oferta da disciplina extensionista \u201cEspa\u00e7o Urbano [&hellip;] <span class=\"read-more-link\"><a class=\"read-more\" href=\"https:\/\/rehabitare.direito.ufmg.br\/?p=2483\">Read More<\/a><\/span><\/p>\n","protected":false},"author":1,"featured_media":2420,"comment_status":"open","ping_status":"open","sticky":false,"template":"","format":"standard","meta":{"footnotes":""},"categories":[7],"tags":[193,192],"class_list":["post-2483","post","type-post","status-publish","format-standard","has-post-thumbnail","hentry","category-noticias","tag-mobilidade-urbana","tag-video"],"_links":{"self":[{"href":"https:\/\/rehabitare.direito.ufmg.br\/index.php?rest_route=\/wp\/v2\/posts\/2483"}],"collection":[{"href":"https:\/\/rehabitare.direito.ufmg.br\/index.php?rest_route=\/wp\/v2\/posts"}],"about":[{"href":"https:\/\/rehabitare.direito.ufmg.br\/index.php?rest_route=\/wp\/v2\/types\/post"}],"author":[{"embeddable":true,"href":"https:\/\/rehabitare.direito.ufmg.br\/index.php?rest_route=\/wp\/v2\/users\/1"}],"replies":[{"embeddable":true,"href":"https:\/\/rehabitare.direito.ufmg.br\/index.php?rest_route=%2Fwp%2Fv2%2Fcomments&post=2483"}],"version-history":[{"count":2,"href":"https:\/\/rehabitare.direito.ufmg.br\/index.php?rest_route=\/wp\/v2\/posts\/2483\/revisions"}],"predecessor-version":[{"id":2489,"href":"https:\/\/rehabitare.direito.ufmg.br\/index.php?rest_route=\/wp\/v2\/posts\/2483\/revisions\/2489"}],"wp:featuredmedia":[{"embeddable":true,"href":"https:\/\/rehabitare.direito.ufmg.br\/index.php?rest_route=\/wp\/v2\/media\/2420"}],"wp:attachment":[{"href":"https:\/\/rehabitare.direito.ufmg.br\/index.php?rest_route=%2Fwp%2Fv2%2Fmedia&parent=2483"}],"wp:term":[{"taxonomy":"category","embeddable":true,"href":"https:\/\/rehabitare.direito.ufmg.br\/index.php?rest_route=%2Fwp%2Fv2%2Fcategories&post=2483"},{"taxonomy":"post_tag","embeddable":true,"href":"https:\/\/rehabitare.direito.ufmg.br\/index.php?rest_route=%2Fwp%2Fv2%2Ftags&post=2483"}],"curies":[{"name":"wp","href":"https:\/\/api.w.org\/{rel}","templated":true}]}}