{"id":2579,"date":"2019-10-15T12:34:35","date_gmt":"2019-10-15T15:34:35","guid":{"rendered":"http:\/\/rehabitare.direito.ufmg.br\/?p=2579"},"modified":"2019-10-15T12:40:52","modified_gmt":"2019-10-15T15:40:52","slug":"curitiba-recebe-proposta-de-moradia-sustentavel-para-pessoas-em-situacao-de-rua","status":"publish","type":"post","link":"https:\/\/rehabitare.direito.ufmg.br\/?p=2579","title":{"rendered":"Curitiba recebe proposta de moradia sustent\u00e1vel para pessoas em situa\u00e7\u00e3o de rua"},"content":{"rendered":"<p style=\"text-align: justify;\">&#8220;Curitiba, 2029. O cen\u00e1rio \u00e9 de muitos profissionais fazendo home office, de carros j\u00e1 el\u00e9tricos e compartilhados e de permanentes desigualdade e desemprego. Muitos j\u00e1 n\u00e3o t\u00eam patrim\u00f4nio nenhum.&#8221;<br \/>\n&#8220;Nesse contexto, surge o ModuLar: pequenas edifica\u00e7\u00f5es de uso misto que concentram quartos para pessoas em situa\u00e7\u00e3o de rua no andar superior e servi\u00e7os diversos no t\u00e9rreo. Isso tudo constru\u00eddo em faixas de rua j\u00e1 inutilizadas, reaproveitando o espa\u00e7o urbano.&#8221;<br \/>\n&#8220;Em linhas gerais, essa \u00e9 a proposta do projeto liderado pelo engenheiro mec\u00e2nico Alo\u00edsio Leoni Schmid e pelo arquiteto\u00a0Luiz Paulo Coelho de Almeida Reis para a 3\u00aa Mostra Arquitetura para Curitiba\u00a0\u2014 que, nesta edi\u00e7\u00e3o, traz o tema \u201cCidade presente, cidade ausente\u201d.&#8221;<\/p>\n<p>Leia mais em: <a href=\"https:\/\/www.gazetadopovo.com.br\/haus\/arquitetura\/projeto-cria-moradias-sustentaveis-para-pessoas-em-situacao-de-rua-curitiba\/\" target=\"_blank\" rel=\"noopener\">Gazeta do Povo\u00a0<\/a><\/p>\n","protected":false},"excerpt":{"rendered":"<p>&#8220;Curitiba, 2029. O cen\u00e1rio \u00e9 de muitos profissionais fazendo home office, de carros j\u00e1 el\u00e9tricos e compartilhados e de permanentes desigualdade e desemprego. Muitos j\u00e1 [&hellip;] <span class=\"read-more-link\"><a class=\"read-more\" href=\"https:\/\/rehabitare.direito.ufmg.br\/?p=2579\">Read More<\/a><\/span><\/p>\n","protected":false},"author":1,"featured_media":2580,"comment_status":"open","ping_status":"open","sticky":false,"template":"","format":"standard","meta":{"footnotes":""},"categories":[7],"tags":[13,139,167],"class_list":["post-2579","post","type-post","status-publish","format-standard","has-post-thumbnail","hentry","category-noticias","tag-cidades","tag-crise-habitacional","tag-sem-teto"],"_links":{"self":[{"href":"https:\/\/rehabitare.direito.ufmg.br\/index.php?rest_route=\/wp\/v2\/posts\/2579"}],"collection":[{"href":"https:\/\/rehabitare.direito.ufmg.br\/index.php?rest_route=\/wp\/v2\/posts"}],"about":[{"href":"https:\/\/rehabitare.direito.ufmg.br\/index.php?rest_route=\/wp\/v2\/types\/post"}],"author":[{"embeddable":true,"href":"https:\/\/rehabitare.direito.ufmg.br\/index.php?rest_route=\/wp\/v2\/users\/1"}],"replies":[{"embeddable":true,"href":"https:\/\/rehabitare.direito.ufmg.br\/index.php?rest_route=%2Fwp%2Fv2%2Fcomments&post=2579"}],"version-history":[{"count":1,"href":"https:\/\/rehabitare.direito.ufmg.br\/index.php?rest_route=\/wp\/v2\/posts\/2579\/revisions"}],"predecessor-version":[{"id":2581,"href":"https:\/\/rehabitare.direito.ufmg.br\/index.php?rest_route=\/wp\/v2\/posts\/2579\/revisions\/2581"}],"wp:featuredmedia":[{"embeddable":true,"href":"https:\/\/rehabitare.direito.ufmg.br\/index.php?rest_route=\/wp\/v2\/media\/2580"}],"wp:attachment":[{"href":"https:\/\/rehabitare.direito.ufmg.br\/index.php?rest_route=%2Fwp%2Fv2%2Fmedia&parent=2579"}],"wp:term":[{"taxonomy":"category","embeddable":true,"href":"https:\/\/rehabitare.direito.ufmg.br\/index.php?rest_route=%2Fwp%2Fv2%2Fcategories&post=2579"},{"taxonomy":"post_tag","embeddable":true,"href":"https:\/\/rehabitare.direito.ufmg.br\/index.php?rest_route=%2Fwp%2Fv2%2Ftags&post=2579"}],"curies":[{"name":"wp","href":"https:\/\/api.w.org\/{rel}","templated":true}]}}