{"id":2800,"date":"2020-07-14T05:46:34","date_gmt":"2020-07-14T08:46:34","guid":{"rendered":"http:\/\/rehabitare.direito.ufmg.br\/?p=2800"},"modified":"2020-07-14T05:49:26","modified_gmt":"2020-07-14T08:49:26","slug":"sp-mantem-remocoes-e-ve-nascer-favela-com-desabrigados-da-quarentena","status":"publish","type":"post","link":"https:\/\/rehabitare.direito.ufmg.br\/?p=2800","title":{"rendered":"SP mant\u00e9m remo\u00e7\u00f5es e v\u00ea nascer favela com &#8216;desabrigados da quarentena&#8217;"},"content":{"rendered":"<p style=\"text-align: justify;\">A favela do Jardim Julieta est\u00e1 prestes a entrar nas crescentes estat\u00edsticas de reintegra\u00e7\u00f5es de posse, remo\u00e7\u00f5es e despejos, que t\u00eam jogado milhares de pessoas nas ruas em um momento em que os governos pedem isolamento social para conter a dissemina\u00e7\u00e3o do novo v\u00edrus. Est\u00e3o ali tamb\u00e9m muitos que n\u00e3o conseguem morar em outro lugar com a renda que obt\u00eam como motoristas, entregadores de aplicativos e operadores de telemarketing.<\/p>\n<p style=\"text-align: justify;\">Segundo o\u00a0Observat\u00f3rio de Remo\u00e7\u00f5es, mantido pelo LabCidade da FAU-USP, mais de 2.500 pessoas foram removidas de suas casas por reintegra\u00e7\u00f5es de posse e inc\u00eandios\u00a0no estado de S\u00e3o Paulo desde mar\u00e7o. O n\u00famero n\u00e3o inclui a massa de despejados por falta de pagamento do aluguel.<\/p>\n<p style=\"text-align: justify;\">Um dos coordenadores da ocupa\u00e7\u00e3o, o motorista Lu\u00eds Carlos da Silva diz haver contradi\u00e7\u00e3o na tentativa de expuls\u00e1-los agora: \u201cO governo quer a pessoa em casa, mas quer jogar as pessoas na rua?\u201d, questiona.<\/p>\n<p style=\"text-align: justify;\">Entidades afirmam que, no estado de S\u00e3o Paulo, as remo\u00e7\u00f5es diminu\u00edram durante a pandemia, mas continuam ocorrendo. Isso exp\u00f5e a popula\u00e7\u00e3o a maior risco de contamina\u00e7\u00e3o, dizem. Por isso, fizeram uma den\u00fancia \u00e0 ONU.<\/p>\n<p style=\"text-align: justify;\">\u201cA remo\u00e7\u00e3o sempre acaba violando direitos. Mas durante a pandemia \u00e9 um crime. Estamos falando de remo\u00e7\u00f5es sem nenhum tipo de atendimento habitacional imediato, de pessoas sendo postas na rua em plena pandemia, expostas de uma forma muito, muito violenta\u201d, diz a professora da FAU Raquel Rolnik, uma das coordenadoras do Observat\u00f3rio de Remo\u00e7\u00f5es.<\/p>\n<p style=\"text-align: justify;\">Al\u00e9m disso, Rolnik afirma que em diversos pa\u00edses as remo\u00e7\u00f5es foram suspensas, o que n\u00e3o aconteceu no Brasil, onde o presidente Jair Bolsonaro (sem partido) vetou uma regra que\u00a0impedia despejos\u00a0na quarentena.<\/p>\n<p>Veja mat\u00e9ria completa em:\u00a0<a href=\"https:\/\/www1.folha.uol.com.br\/cotidiano\/2020\/07\/sp-mantem-remocoes-e-ve-nascer-favela-com-desabrigados-da-quarentena.shtml?origin=folha\" target=\"_blank\" rel=\"noopener\">SP mant\u00e9m remo\u00e7\u00f5es &#8211; Folha de S.Paulo<\/a><\/p>\n","protected":false},"excerpt":{"rendered":"<p>A favela do Jardim Julieta est\u00e1 prestes a entrar nas crescentes estat\u00edsticas de reintegra\u00e7\u00f5es de posse, remo\u00e7\u00f5es e despejos, que t\u00eam jogado milhares de pessoas [&hellip;] <span class=\"read-more-link\"><a class=\"read-more\" href=\"https:\/\/rehabitare.direito.ufmg.br\/?p=2800\">Read More<\/a><\/span><\/p>\n","protected":false},"author":1,"featured_media":2801,"comment_status":"open","ping_status":"open","sticky":false,"template":"","format":"standard","meta":{"footnotes":""},"categories":[7],"tags":[225,222,170,218],"class_list":["post-2800","post","type-post","status-publish","format-standard","has-post-thumbnail","hentry","category-noticias","tag-jardim-julieta","tag-pandemia","tag-remocao","tag-sao-paulo"],"_links":{"self":[{"href":"https:\/\/rehabitare.direito.ufmg.br\/index.php?rest_route=\/wp\/v2\/posts\/2800"}],"collection":[{"href":"https:\/\/rehabitare.direito.ufmg.br\/index.php?rest_route=\/wp\/v2\/posts"}],"about":[{"href":"https:\/\/rehabitare.direito.ufmg.br\/index.php?rest_route=\/wp\/v2\/types\/post"}],"author":[{"embeddable":true,"href":"https:\/\/rehabitare.direito.ufmg.br\/index.php?rest_route=\/wp\/v2\/users\/1"}],"replies":[{"embeddable":true,"href":"https:\/\/rehabitare.direito.ufmg.br\/index.php?rest_route=%2Fwp%2Fv2%2Fcomments&post=2800"}],"version-history":[{"count":2,"href":"https:\/\/rehabitare.direito.ufmg.br\/index.php?rest_route=\/wp\/v2\/posts\/2800\/revisions"}],"predecessor-version":[{"id":2803,"href":"https:\/\/rehabitare.direito.ufmg.br\/index.php?rest_route=\/wp\/v2\/posts\/2800\/revisions\/2803"}],"wp:featuredmedia":[{"embeddable":true,"href":"https:\/\/rehabitare.direito.ufmg.br\/index.php?rest_route=\/wp\/v2\/media\/2801"}],"wp:attachment":[{"href":"https:\/\/rehabitare.direito.ufmg.br\/index.php?rest_route=%2Fwp%2Fv2%2Fmedia&parent=2800"}],"wp:term":[{"taxonomy":"category","embeddable":true,"href":"https:\/\/rehabitare.direito.ufmg.br\/index.php?rest_route=%2Fwp%2Fv2%2Fcategories&post=2800"},{"taxonomy":"post_tag","embeddable":true,"href":"https:\/\/rehabitare.direito.ufmg.br\/index.php?rest_route=%2Fwp%2Fv2%2Ftags&post=2800"}],"curies":[{"name":"wp","href":"https:\/\/api.w.org\/{rel}","templated":true}]}}