{"id":3023,"date":"2021-07-12T18:26:38","date_gmt":"2021-07-12T21:26:38","guid":{"rendered":"https:\/\/rehabitare.direito.ufmg.br\/?p=3023"},"modified":"2021-07-12T18:26:38","modified_gmt":"2021-07-12T21:26:38","slug":"live-o-lugar-da-populacao-em-situacao-de-ruapsr-na-politica-habitacional-de-belo-horizonte","status":"publish","type":"post","link":"https:\/\/rehabitare.direito.ufmg.br\/?p=3023","title":{"rendered":"Live: &#8220;O lugar da Popula\u00e7\u00e3o em Situa\u00e7\u00e3o de Rua(PSR) na Pol\u00edtica Habitacional de Belo Horizonte&#8221;"},"content":{"rendered":"<p>O projeto de extens\u00e3o RE-HABITARE convida todos \u00e0 live \u201cO lugar da Popula\u00e7\u00e3o em Situa\u00e7\u00e3o de Rua (PSR) na Pol\u00edtica Habitacional de Belo Horizonte\u201d.<br \/>\nO evento ser\u00e1 realizado no dia 27 de julho de 2021, \u00e0s 19h, no Instagram @rehabitare, e contar\u00e1 com a participa\u00e7\u00e3o das convidadas Claudenice Rodrigues Lopes (assistente social, coordenadora da Pastoral de Rua da Arquidiocese de BH e integrante do Grupo Gestor do Canto da Rua Emergencial) e Edneia Aparecida de Souza (comp\u00f5e a dire\u00e7\u00e3o estadual do movimento nacional de luta pela moradia; membra do conselho municipal de pol\u00edtica urbana).<br \/>\nSer\u00e1 um debate sobre os programas habitacionais dirigidos \u00e0 popula\u00e7\u00e3o de baixa renda, que integram a Pol\u00edtica Habitacional de BH (em especial, bolsa-moradia, abono pecuni\u00e1rio e loca\u00e7\u00e3o social). Discutir-se-\u00e1 em que medida esses programas t\u00eam alcan\u00e7ado a popula\u00e7\u00e3o em situa\u00e7\u00e3o de rua, no sentido de viabilizar o acesso \u00e0 moradia.<br \/>\nSer\u00e3o emitidos certificados de participa\u00e7\u00e3o (2h). Para ter acesso ao certificado, os participantes dever\u00e3o preencher previamente o formul\u00e1rio de inscri\u00e7\u00e3o:<br \/>\nhttps:\/\/docs.google.com\/forms\/d\/e\/1FAIpQLSeEOrGsN02kKJ6eXkNGji5jS2PqsMkWDhhxFjidqSwg6v8DaA\/viewform?usp=sf_link.<\/p>\n","protected":false},"excerpt":{"rendered":"<p>O projeto de extens\u00e3o RE-HABITARE convida todos \u00e0 live \u201cO lugar da Popula\u00e7\u00e3o em Situa\u00e7\u00e3o de Rua (PSR) na Pol\u00edtica Habitacional de Belo Horizonte\u201d. O [&hellip;] <span class=\"read-more-link\"><a class=\"read-more\" href=\"https:\/\/rehabitare.direito.ufmg.br\/?p=3023\">Read More<\/a><\/span><\/p>\n","protected":false},"author":1,"featured_media":3024,"comment_status":"open","ping_status":"open","sticky":false,"template":"","format":"standard","meta":{"footnotes":""},"categories":[7],"tags":[],"class_list":["post-3023","post","type-post","status-publish","format-standard","has-post-thumbnail","hentry","category-noticias"],"_links":{"self":[{"href":"https:\/\/rehabitare.direito.ufmg.br\/index.php?rest_route=\/wp\/v2\/posts\/3023"}],"collection":[{"href":"https:\/\/rehabitare.direito.ufmg.br\/index.php?rest_route=\/wp\/v2\/posts"}],"about":[{"href":"https:\/\/rehabitare.direito.ufmg.br\/index.php?rest_route=\/wp\/v2\/types\/post"}],"author":[{"embeddable":true,"href":"https:\/\/rehabitare.direito.ufmg.br\/index.php?rest_route=\/wp\/v2\/users\/1"}],"replies":[{"embeddable":true,"href":"https:\/\/rehabitare.direito.ufmg.br\/index.php?rest_route=%2Fwp%2Fv2%2Fcomments&post=3023"}],"version-history":[{"count":1,"href":"https:\/\/rehabitare.direito.ufmg.br\/index.php?rest_route=\/wp\/v2\/posts\/3023\/revisions"}],"predecessor-version":[{"id":3025,"href":"https:\/\/rehabitare.direito.ufmg.br\/index.php?rest_route=\/wp\/v2\/posts\/3023\/revisions\/3025"}],"wp:featuredmedia":[{"embeddable":true,"href":"https:\/\/rehabitare.direito.ufmg.br\/index.php?rest_route=\/wp\/v2\/media\/3024"}],"wp:attachment":[{"href":"https:\/\/rehabitare.direito.ufmg.br\/index.php?rest_route=%2Fwp%2Fv2%2Fmedia&parent=3023"}],"wp:term":[{"taxonomy":"category","embeddable":true,"href":"https:\/\/rehabitare.direito.ufmg.br\/index.php?rest_route=%2Fwp%2Fv2%2Fcategories&post=3023"},{"taxonomy":"post_tag","embeddable":true,"href":"https:\/\/rehabitare.direito.ufmg.br\/index.php?rest_route=%2Fwp%2Fv2%2Ftags&post=3023"}],"curies":[{"name":"wp","href":"https:\/\/api.w.org\/{rel}","templated":true}]}}