{"id":3213,"date":"2022-01-04T10:16:58","date_gmt":"2022-01-04T13:16:58","guid":{"rendered":"https:\/\/rehabitare.direito.ufmg.br\/?p=3213"},"modified":"2022-01-04T10:16:58","modified_gmt":"2022-01-04T13:16:58","slug":"secretaria-da-habitacao-e-caixa-entregam-mais-300-apartamentos-na-capital-paulista","status":"publish","type":"post","link":"https:\/\/rehabitare.direito.ufmg.br\/?p=3213","title":{"rendered":"Secretaria da Habita\u00e7\u00e3o e Caixa entregam mais 300 apartamentos na capital paulista"},"content":{"rendered":"<p style=\"text-align: justify;\">O Minist\u00e9rio do Desenvolvimento Regional (MDR) e a Secretaria de Estado da Habita\u00e7\u00e3o entregaram nesta quarta-feira, 15 de dezembro, mais 300 apartamentos do Residencial Guido Caloi, na Capela do Socorro, Capital de S\u00e3o Paulo.<\/p>\n<p style=\"text-align: justify;\">A cerim\u00f4nia contou com as presen\u00e7as do ministro do Desenvolvimento Regional, Rog\u00e9rio Marinho, do secret\u00e1rio Nacional Habita\u00e7\u00e3o, Alfredo dos Santos, do secret\u00e1rio de Estado da Habita\u00e7\u00e3o, Flavio Amary e do prefeito de S\u00e3o Paulo, Ricardo Nunes.<\/p>\n<p style=\"text-align: justify;\">\u201cMuitas parcerias est\u00e3o sendo feitas entre o governador Jo\u00e3o Doria e o prefeito de S\u00e3o Paulo Ricardo Nunes. E o tema da habita\u00e7\u00e3o \u00e9 muito importante para todos n\u00f3s. Por isso essa parceria t\u00e3o grande para a gente atender parte tamb\u00e9m das 49 mil unidades programadas na Capital com apoio total do Estado de S\u00e3o Paulo\u201d, afirmou o secret\u00e1rio Flavio Amary. \u201cS\u00e3o mais 300 fam\u00edlias que recebem hoje a chave da casa pr\u00f3pria, em mais um conjunto habitacional neste caso em parceria com governo federal, governo estadual e prefeitura de municipal de S\u00e3o Paulo\u201d, completou o secret\u00e1rio.<\/p>\n<p style=\"text-align: justify;\">O Residencial Guido Caloi tem um total de mil apartamentos e \u00e9 resultado de parceria entre os governos federal e estadual e a prefeitura. O empreendimento, que fica na avenida Guido Caloi, n\u00ba 1.200, recebe investimentos de R$ 124,6 milh\u00f5es. Desses, R$ 18,7 milh\u00f5es foram aportados pela Casa Paulista, ag\u00eancia de fomento destinada \u00e0 constru\u00e7\u00e3o de moradias populares, ligada \u00e0 Secretaria de Estado da Habita\u00e7\u00e3o. A Caixa destinou R$ 96 milh\u00f5es e a prefeitura R$ 9,9 milh\u00f5es.<\/p>\n<p style=\"text-align: justify;\">O empreendimento j\u00e1 teve 700 moradias entregues. As unidades respeitam e incorporam as melhorias estabelecidas como diretrizes de qualidade da Secretaria de Estado da Habita\u00e7\u00e3o. Os im\u00f3veis s\u00e3o compostos de dois dormit\u00f3rios, sala, cozinha, banheiro e \u00e1rea de servi\u00e7o, distribu\u00eddos em 49,15m\u00b2 de \u00e1rea \u00fatil. Possuem piso cer\u00e2mico em todos os c\u00f4modos, azulejos no banheiro e nas paredes hidr\u00e1ulicas da cozinha, estrutura met\u00e1lica na cobertura etc.<\/p>\n<p style=\"text-align: justify;\">Os conjuntos contam com \u00e1rea de lazer, playground, centro comunit\u00e1rio, quadra poliesportiva e espa\u00e7o para estacionamento. Externamente t\u00eam muro de divisa e passarela de acesso. As ruas s\u00e3o pavimentadas, t\u00eam guias e sarjetas, passeio p\u00fablico e completa infraestrutura, com redes de \u00e1gua, esgoto, sistema de drenagem e ilumina\u00e7\u00e3o p\u00fablica.<\/p>\n<p style=\"text-align: justify;\">As novas unidades s\u00e3o destinadas a fam\u00edlias removidas de loteamento por riscos de enchentes e deslizamentos, sendo beneficiadas pelo PAC, Programa de Acelera\u00e7\u00e3o do Crescimento (doa\u00e7\u00e3o).<\/p>\n<p>Fonte: <a href=\"https:\/\/www.saopaulo.sp.gov.br\/spnoticias\/secretaria-da-habitacao-e-caixa-entregam-mais-300-apartamentos-na-capital-paulista\/\" target=\"_blank\" rel=\"noopener\">s\u00e3opaulo.sp.gov.br<\/a><\/p>\n","protected":false},"excerpt":{"rendered":"<p>O Minist\u00e9rio do Desenvolvimento Regional (MDR) e a Secretaria de Estado da Habita\u00e7\u00e3o entregaram nesta quarta-feira, 15 de dezembro, mais 300 apartamentos do Residencial Guido [&hellip;] <span class=\"read-more-link\"><a class=\"read-more\" href=\"https:\/\/rehabitare.direito.ufmg.br\/?p=3213\">Read More<\/a><\/span><\/p>\n","protected":false},"author":1,"featured_media":3214,"comment_status":"open","ping_status":"open","sticky":false,"template":"","format":"standard","meta":{"footnotes":""},"categories":[7],"tags":[],"class_list":["post-3213","post","type-post","status-publish","format-standard","has-post-thumbnail","hentry","category-noticias"],"_links":{"self":[{"href":"https:\/\/rehabitare.direito.ufmg.br\/index.php?rest_route=\/wp\/v2\/posts\/3213"}],"collection":[{"href":"https:\/\/rehabitare.direito.ufmg.br\/index.php?rest_route=\/wp\/v2\/posts"}],"about":[{"href":"https:\/\/rehabitare.direito.ufmg.br\/index.php?rest_route=\/wp\/v2\/types\/post"}],"author":[{"embeddable":true,"href":"https:\/\/rehabitare.direito.ufmg.br\/index.php?rest_route=\/wp\/v2\/users\/1"}],"replies":[{"embeddable":true,"href":"https:\/\/rehabitare.direito.ufmg.br\/index.php?rest_route=%2Fwp%2Fv2%2Fcomments&post=3213"}],"version-history":[{"count":1,"href":"https:\/\/rehabitare.direito.ufmg.br\/index.php?rest_route=\/wp\/v2\/posts\/3213\/revisions"}],"predecessor-version":[{"id":3215,"href":"https:\/\/rehabitare.direito.ufmg.br\/index.php?rest_route=\/wp\/v2\/posts\/3213\/revisions\/3215"}],"wp:featuredmedia":[{"embeddable":true,"href":"https:\/\/rehabitare.direito.ufmg.br\/index.php?rest_route=\/wp\/v2\/media\/3214"}],"wp:attachment":[{"href":"https:\/\/rehabitare.direito.ufmg.br\/index.php?rest_route=%2Fwp%2Fv2%2Fmedia&parent=3213"}],"wp:term":[{"taxonomy":"category","embeddable":true,"href":"https:\/\/rehabitare.direito.ufmg.br\/index.php?rest_route=%2Fwp%2Fv2%2Fcategories&post=3213"},{"taxonomy":"post_tag","embeddable":true,"href":"https:\/\/rehabitare.direito.ufmg.br\/index.php?rest_route=%2Fwp%2Fv2%2Ftags&post=3213"}],"curies":[{"name":"wp","href":"https:\/\/api.w.org\/{rel}","templated":true}]}}