{"id":3508,"date":"2023-04-19T15:53:51","date_gmt":"2023-04-19T18:53:51","guid":{"rendered":"https:\/\/rehabitare.direito.ufmg.br\/?p=3508"},"modified":"2023-04-19T15:53:51","modified_gmt":"2023-04-19T18:53:51","slug":"prefeitura-de-sp-quer-usar-verba-prioritaria-de-habitacao-e-moradia-para-asfaltar-ruas","status":"publish","type":"post","link":"https:\/\/rehabitare.direito.ufmg.br\/?p=3508","title":{"rendered":"Prefeitura de SP quer usar verba priorit\u00e1ria de habita\u00e7\u00e3o e moradia para asfaltar ruas"},"content":{"rendered":"<p>A C\u00e2mara Municipal de S\u00e3o Paulo aprovou nesta ter\u00e7a-feira, 18, em primeira vota\u00e7\u00e3o, o <strong>Projeto de Lei n. 115\/2023<\/strong> que permite a destina\u00e7\u00e3o de recursos de um fundo prioritariamente de <strong>habita\u00e7\u00e3o de baixa renda<\/strong> e mobilidade urbana para a <strong>pavimenta\u00e7\u00e3o<\/strong> e o recapeamento de vias. A proposta tem sido criticada e \u00e9 questionada em a\u00e7\u00e3o ajuizada pela Defensoria P\u00fablica de S\u00e3o Paulo, que requereu a suspens\u00e3o da tramita\u00e7\u00e3o. Foram 36 votos favor\u00e1veis e 14 contr\u00e1rios.<\/p>\n<p>As cr\u00edticas envolvem dois pontos principais. O primeiro \u00e9 que o PL altera\u00a0<b>Plano Diretor<\/b><b>\u00a0<\/b>e, por isso, deveria ter as proposi\u00e7\u00f5es inclu\u00eddas no projeto de revis\u00e3o da lei, que tamb\u00e9m foi enviada \u00e0 C\u00e2mara pela Prefeitura em mar\u00e7o e est\u00e1 em fase de<b>\u00a0<\/b>audi\u00eancias p\u00fablicas. O segundo \u00e9 que o fundo inclui a destina\u00e7\u00e3o para recapeamento em um fundo originalmente criado para programas e projetos urban\u00edsticos e ambientais, n\u00e3o para asfalto.<\/p>\n<p>o PL envolve o<b>\u00a0Fundo de Desenvolvimento Urbano (Fundurb)<\/b>, que arrecadou\u00a0<b>R$ 1 bilh\u00e3o no ano passado<\/b>\u00a0por meio da outorga onerosa, taxa paga pela constru\u00e7\u00e3o civil para obras com dimens\u00f5es acima dos limites b\u00e1sicos previstos na legisla\u00e7\u00e3o.<\/p>\n<p>O novo PL, al\u00e9m de acrescentar o asfaltamento entre as prioridades do fundo, tamb\u00e9m prop\u00f5e a extin\u00e7\u00e3o do trecho que determina que ao menos 30% dos recursos s\u00e3o para a aquisi\u00e7\u00e3o de terrenos para habita\u00e7\u00e3o de interesse social nas \u00e1reas mais centrais da cidade.<\/p>\n<p>Leia a mat\u00e9ria completa em: <a href=\"https:\/\/www.terra.com.br\/amp\/noticias\/brasil\/cidades\/prefeitura-de-sp-quer-usar-verba-prioritaria-de-habitacao-e-moradia-para-asfaltar-ruas-entenda,3443f15e0c7b9583798a8574df4e3183urqyefcg.html\">Terra<\/a><\/p>\n<div>Foto: SMDU, Prefeitura de S\u00e3o Paulo\/Divulga\u00e7\u00e3o<\/div>\n","protected":false},"excerpt":{"rendered":"<p>A C\u00e2mara Municipal de S\u00e3o Paulo aprovou nesta ter\u00e7a-feira, 18, em primeira vota\u00e7\u00e3o, o Projeto de Lei n. 115\/2023 que permite a destina\u00e7\u00e3o de recursos [&hellip;] <span class=\"read-more-link\"><a class=\"read-more\" href=\"https:\/\/rehabitare.direito.ufmg.br\/?p=3508\">Read More<\/a><\/span><\/p>\n","protected":false},"author":1,"featured_media":3509,"comment_status":"open","ping_status":"open","sticky":false,"template":"","format":"standard","meta":{"footnotes":""},"categories":[7],"tags":[188,14,174,171,190,218],"class_list":["post-3508","post","type-post","status-publish","format-standard","has-post-thumbnail","hentry","category-noticias","tag-espaco-urbano","tag-habitacao","tag-moradia","tag-plano-diretor","tag-programa-de-moradia","tag-sao-paulo"],"_links":{"self":[{"href":"https:\/\/rehabitare.direito.ufmg.br\/index.php?rest_route=\/wp\/v2\/posts\/3508"}],"collection":[{"href":"https:\/\/rehabitare.direito.ufmg.br\/index.php?rest_route=\/wp\/v2\/posts"}],"about":[{"href":"https:\/\/rehabitare.direito.ufmg.br\/index.php?rest_route=\/wp\/v2\/types\/post"}],"author":[{"embeddable":true,"href":"https:\/\/rehabitare.direito.ufmg.br\/index.php?rest_route=\/wp\/v2\/users\/1"}],"replies":[{"embeddable":true,"href":"https:\/\/rehabitare.direito.ufmg.br\/index.php?rest_route=%2Fwp%2Fv2%2Fcomments&post=3508"}],"version-history":[{"count":1,"href":"https:\/\/rehabitare.direito.ufmg.br\/index.php?rest_route=\/wp\/v2\/posts\/3508\/revisions"}],"predecessor-version":[{"id":3510,"href":"https:\/\/rehabitare.direito.ufmg.br\/index.php?rest_route=\/wp\/v2\/posts\/3508\/revisions\/3510"}],"wp:featuredmedia":[{"embeddable":true,"href":"https:\/\/rehabitare.direito.ufmg.br\/index.php?rest_route=\/wp\/v2\/media\/3509"}],"wp:attachment":[{"href":"https:\/\/rehabitare.direito.ufmg.br\/index.php?rest_route=%2Fwp%2Fv2%2Fmedia&parent=3508"}],"wp:term":[{"taxonomy":"category","embeddable":true,"href":"https:\/\/rehabitare.direito.ufmg.br\/index.php?rest_route=%2Fwp%2Fv2%2Fcategories&post=3508"},{"taxonomy":"post_tag","embeddable":true,"href":"https:\/\/rehabitare.direito.ufmg.br\/index.php?rest_route=%2Fwp%2Fv2%2Ftags&post=3508"}],"curies":[{"name":"wp","href":"https:\/\/api.w.org\/{rel}","templated":true}]}}