{"id":3541,"date":"2023-05-17T12:51:58","date_gmt":"2023-05-17T15:51:58","guid":{"rendered":"https:\/\/rehabitare.direito.ufmg.br\/?p=3541"},"modified":"2023-05-17T12:51:58","modified_gmt":"2023-05-17T15:51:58","slug":"ministro-das-cidades-garante-rn-contemplado-no-minha-casa-minha-vida-e-recursos-para-conclusao-de-obras-do-pro-transporte","status":"publish","type":"post","link":"https:\/\/rehabitare.direito.ufmg.br\/?p=3541","title":{"rendered":"Ministro das Cidades garante RN contemplado no &#8216;Minha Casa, Minha Vida&#8217; e recursos para conclus\u00e3o de obras do Pr\u00f3-Transporte"},"content":{"rendered":"<p>O <strong>Ministro das Cidades<\/strong>, Jader Filho, se reuniu no fim da manh\u00e3 desta quinta-feira (11) com a <strong>governadora do Rio Grande do Norte<\/strong>, F\u00e1tima Bezerra (PT), no gabinete civil do Estado, em Natal.<\/p>\n<p>No encontro, o ministro garantiu que o estado ser\u00e1 contemplado na retomada do <strong>&#8220;Minha Casa, Minha Vida&#8221;<\/strong>, assegurou recursos para a finaliza\u00e7\u00e3o da terceira fase do <strong>Pr\u00f3-Transporte<\/strong> e disse que vai retomar a negocia\u00e7\u00e3o para contratos das esta\u00e7\u00f5es de res\u00edduos s\u00f3lidos nas regi\u00f5es Oeste e Serid\u00f3 do Rio Grande do Norte.<\/p>\n<p>Outro assunto debatido na reuni\u00e3o foi o retorno do &#8220;Minha Casa Minha Vida&#8221;. Segundo o ministro das Cidades, a ideia do governo \u00e9 &#8220;buscar terrenos que possam dar dignidade \u00e0s fam\u00edlias, que sejam pr\u00f3ximos do transporte p\u00fablico, dos com\u00e9rcios, das escolas, dos postos de sa\u00fade e das creches, para que as pessoas n\u00e3o tenham que se deslocar pra longe pra ter uma moradia digna&#8221;.<\/p>\n<p>Leia a mat\u00e9ria completa em: <a href=\"https:\/\/g1.globo.com\/rn\/rio-grande-do-norte\/noticia\/2023\/05\/11\/ministro-das-cidades-garante-rn-contemplado-no-minha-casa-minha-vida-e-recursos-para-conclusao-de-obras-do-pro-transporte.ghtml\">g1<\/a><\/p>\n<p>Foto: Divulga\u00e7\u00e3o g1<\/p>\n","protected":false},"excerpt":{"rendered":"<p>O Ministro das Cidades, Jader Filho, se reuniu no fim da manh\u00e3 desta quinta-feira (11) com a governadora do Rio Grande do Norte, F\u00e1tima Bezerra [&hellip;] <span class=\"read-more-link\"><a class=\"read-more\" href=\"https:\/\/rehabitare.direito.ufmg.br\/?p=3541\">Read More<\/a><\/span><\/p>\n","protected":false},"author":1,"featured_media":3542,"comment_status":"open","ping_status":"open","sticky":false,"template":"","format":"standard","meta":{"footnotes":""},"categories":[7],"tags":[201,14,140,190],"class_list":["post-3541","post","type-post","status-publish","format-standard","has-post-thumbnail","hentry","category-noticias","tag-direito-a-moradia","tag-habitacao","tag-moradia-social","tag-programa-de-moradia"],"_links":{"self":[{"href":"https:\/\/rehabitare.direito.ufmg.br\/index.php?rest_route=\/wp\/v2\/posts\/3541"}],"collection":[{"href":"https:\/\/rehabitare.direito.ufmg.br\/index.php?rest_route=\/wp\/v2\/posts"}],"about":[{"href":"https:\/\/rehabitare.direito.ufmg.br\/index.php?rest_route=\/wp\/v2\/types\/post"}],"author":[{"embeddable":true,"href":"https:\/\/rehabitare.direito.ufmg.br\/index.php?rest_route=\/wp\/v2\/users\/1"}],"replies":[{"embeddable":true,"href":"https:\/\/rehabitare.direito.ufmg.br\/index.php?rest_route=%2Fwp%2Fv2%2Fcomments&post=3541"}],"version-history":[{"count":1,"href":"https:\/\/rehabitare.direito.ufmg.br\/index.php?rest_route=\/wp\/v2\/posts\/3541\/revisions"}],"predecessor-version":[{"id":3543,"href":"https:\/\/rehabitare.direito.ufmg.br\/index.php?rest_route=\/wp\/v2\/posts\/3541\/revisions\/3543"}],"wp:featuredmedia":[{"embeddable":true,"href":"https:\/\/rehabitare.direito.ufmg.br\/index.php?rest_route=\/wp\/v2\/media\/3542"}],"wp:attachment":[{"href":"https:\/\/rehabitare.direito.ufmg.br\/index.php?rest_route=%2Fwp%2Fv2%2Fmedia&parent=3541"}],"wp:term":[{"taxonomy":"category","embeddable":true,"href":"https:\/\/rehabitare.direito.ufmg.br\/index.php?rest_route=%2Fwp%2Fv2%2Fcategories&post=3541"},{"taxonomy":"post_tag","embeddable":true,"href":"https:\/\/rehabitare.direito.ufmg.br\/index.php?rest_route=%2Fwp%2Fv2%2Ftags&post=3541"}],"curies":[{"name":"wp","href":"https:\/\/api.w.org\/{rel}","templated":true}]}}