{"id":3579,"date":"2023-06-17T20:24:25","date_gmt":"2023-06-17T23:24:25","guid":{"rendered":"https:\/\/rehabitare.direito.ufmg.br\/?p=3579"},"modified":"2023-06-17T20:24:25","modified_gmt":"2023-06-17T23:24:25","slug":"ouro-preto-pede-moradia-segura-em-lancamento-da-revisao-do-plano-diretor","status":"publish","type":"post","link":"https:\/\/rehabitare.direito.ufmg.br\/?p=3579","title":{"rendered":"Ouro Preto pede moradia segura em lan\u00e7amento da revis\u00e3o do Plano Diretor"},"content":{"rendered":"<p>A <strong>audi\u00eancia p\u00fablica<\/strong> do lan\u00e7amento da revis\u00e3o do <strong>Plano Diretor de Ouro Preto<\/strong> (PDOP) e da Legisla\u00e7\u00e3o Complementar, que aconteceu nessa segunda-feira (5\/6), foi marcada pela presen\u00e7a de <strong>movimentos sociais<\/strong> que pedem planejamento urbano voltado para a popula\u00e7\u00e3o.<\/p>\n<p>Foi organizada pela <strong>Ocupa\u00e7\u00e3o Chico Rei<\/strong> uma passeata que reivindica melhorias na quest\u00e3o habitacional da cidade. Uma Comiss\u00e3o de Acompanhamento foi criada e tem como demandas a solu\u00e7\u00e3o da quest\u00e3o h\u00eddrica, a minera\u00e7\u00e3o predat\u00f3ria e a redu\u00e7\u00e3o de riscos em per\u00edodos chuvosos.<\/p>\n<p>Na mesa que compunha a primeira audi\u00eancia p\u00fablica estavam membros do Executivo e do Legislativo, a pr\u00f3-reitora de Extens\u00e3o e Cultura, Sandra Nogueira, a promotora de Justi\u00e7a de Ouro Preto, Camila Costa Garrido, e, como representante da Comiss\u00e3o de Acompanhamento, o membro da Federa\u00e7\u00e3o das Associa\u00e7\u00f5es dos Moradores de Ouro Preto (FAMOP) Eduardo Evangelista.<\/p>\n<p>Cerca de 60 fam\u00edlias da ocupa\u00e7\u00e3o Chico Rei &#8211; ligada ao Movimento de Trabalhadores Sem Teto (MTST) &#8211; fizeram uma passeata que saiu do terreno conhecido como \u2018Terra da Novelis\u2019, localizado nos bairros Bauxita e Saramenha, at\u00e9 o Centro de Convec\u00e7\u00f5es da UFOP, local de lan\u00e7amento da revis\u00e3o do Plano Diretor.<\/p>\n","protected":false},"excerpt":{"rendered":"<p>A audi\u00eancia p\u00fablica do lan\u00e7amento da revis\u00e3o do Plano Diretor de Ouro Preto (PDOP) e da Legisla\u00e7\u00e3o Complementar, que aconteceu nessa segunda-feira (5\/6), foi marcada [&hellip;] <span class=\"read-more-link\"><a class=\"read-more\" href=\"https:\/\/rehabitare.direito.ufmg.br\/?p=3579\">Read More<\/a><\/span><\/p>\n","protected":false},"author":1,"featured_media":3580,"comment_status":"open","ping_status":"open","sticky":false,"template":"","format":"standard","meta":{"footnotes":""},"categories":[7],"tags":[201,4,181,171],"class_list":["post-3579","post","type-post","status-publish","format-standard","has-post-thumbnail","hentry","category-noticias","tag-direito-a-moradia","tag-ocupacao","tag-planejamento-urbano","tag-plano-diretor"],"_links":{"self":[{"href":"https:\/\/rehabitare.direito.ufmg.br\/index.php?rest_route=\/wp\/v2\/posts\/3579"}],"collection":[{"href":"https:\/\/rehabitare.direito.ufmg.br\/index.php?rest_route=\/wp\/v2\/posts"}],"about":[{"href":"https:\/\/rehabitare.direito.ufmg.br\/index.php?rest_route=\/wp\/v2\/types\/post"}],"author":[{"embeddable":true,"href":"https:\/\/rehabitare.direito.ufmg.br\/index.php?rest_route=\/wp\/v2\/users\/1"}],"replies":[{"embeddable":true,"href":"https:\/\/rehabitare.direito.ufmg.br\/index.php?rest_route=%2Fwp%2Fv2%2Fcomments&post=3579"}],"version-history":[{"count":1,"href":"https:\/\/rehabitare.direito.ufmg.br\/index.php?rest_route=\/wp\/v2\/posts\/3579\/revisions"}],"predecessor-version":[{"id":3581,"href":"https:\/\/rehabitare.direito.ufmg.br\/index.php?rest_route=\/wp\/v2\/posts\/3579\/revisions\/3581"}],"wp:featuredmedia":[{"embeddable":true,"href":"https:\/\/rehabitare.direito.ufmg.br\/index.php?rest_route=\/wp\/v2\/media\/3580"}],"wp:attachment":[{"href":"https:\/\/rehabitare.direito.ufmg.br\/index.php?rest_route=%2Fwp%2Fv2%2Fmedia&parent=3579"}],"wp:term":[{"taxonomy":"category","embeddable":true,"href":"https:\/\/rehabitare.direito.ufmg.br\/index.php?rest_route=%2Fwp%2Fv2%2Fcategories&post=3579"},{"taxonomy":"post_tag","embeddable":true,"href":"https:\/\/rehabitare.direito.ufmg.br\/index.php?rest_route=%2Fwp%2Fv2%2Ftags&post=3579"}],"curies":[{"name":"wp","href":"https:\/\/api.w.org\/{rel}","templated":true}]}}