{"id":3610,"date":"2023-07-10T19:52:02","date_gmt":"2023-07-10T22:52:02","guid":{"rendered":"https:\/\/rehabitare.direito.ufmg.br\/?p=3610"},"modified":"2023-07-10T19:52:02","modified_gmt":"2023-07-10T22:52:02","slug":"camara-aprova-recolhimento-de-objetos-de-populacao-em-situacao-de-rua-em-bh","status":"publish","type":"post","link":"https:\/\/rehabitare.direito.ufmg.br\/?p=3610","title":{"rendered":"C\u00e2mara aprova recolhimento de objetos de popula\u00e7\u00e3o em situa\u00e7\u00e3o de rua em BH"},"content":{"rendered":"<p>A C\u00e2mara Municipal de Belo Horizonte aprovou em 1\u00b0 turno, nesta quarta-feira (5\/7), o <strong>projeto de lei<\/strong> que autoriza a Prefeitura de Belo Horizonte a <strong>recolher pertences de pessoas em situa\u00e7\u00e3o de rua<\/strong> que estiverem impedindo a livre circula\u00e7\u00e3o de pedestres e ve\u00edculos na capital, proibida de recolher quaisquer pertences pessoais de pessoas em situa\u00e7\u00e3o de rua situadas na capital mineira.<\/p>\n<p>Segundo a proposta, o Executivo poder\u00e1 encaminhar camas, sof\u00e1s, barracas ou qualquer outro bem pessoal que estiver h\u00e1 mais de 24 horas em via p\u00fablica para algum centro de atendimento da cidade.<\/p>\n<p>Aprovada por 23 votos a 11, o PL prop\u00f5e ainda que o Executivo apresente pol\u00edticas p\u00fablicas &#8220;voltadas para o controle de natalidade&#8221;, al\u00e9m de realizar programas de conscientiza\u00e7\u00e3o de planejamento familiar. O texto do projeto determina tamb\u00e9m a ado\u00e7\u00e3o de &#8220;pol\u00edticas para recupera\u00e7\u00e3o de dependentes alco\u00f3licos e qu\u00edmicos e encaminhamento para Comunidades Terap\u00eauticas&#8221;.<\/p>\n<p>Em meio a confus\u00e3o e bate boca em plen\u00e1rio, a ala da esquerda na C\u00e2mara criticou o projeto e considerou a proposta higienista e inconstitucional. A vereadora Iza Louren\u00e7a (Psol) lembrou as <strong>recentes decis\u00f5es do Tribunal de Justi\u00e7a de Minas Gerais<\/strong> (TJMG) que proibiu a apreens\u00e3o de objetos como documentos de identifica\u00e7\u00e3o de moradores de rua, cobertores, roupas, alimentos, rem\u00e9dios ou qualquer outro objeto l\u00edcito.<\/p>\n<p>Segundo o vereador Pedro Patrus (PT), ele ir\u00e1 protocolar um substitutivo \u00e0 proposta retirando os pontos considerados por ele <strong>inconstitucionais<\/strong>.<\/p>\n<p>\u201c\u00c9 um projeto muito perigoso, essas pessoas j\u00e1 vivem v\u00e1rios problemas, n\u00e3o precisam de mais um. \u00c9 a vida deles, o colch\u00e3o deles. Controle de natalidade? Isso \u00e9 a escolha de cada um\u201d, afirmou o vereador que criticou o trecho que sugere que essa popula\u00e7\u00e3o seja encaminhada para comunidades terap\u00eauticas. \u201cComunidade terap\u00eautica n\u00e3o \u00e9 SUS\u201d, rebateu.<\/p>\n<p>Leia a mat\u00e9ria completa no site <a href=\"https:\/\/www.otempo.com.br\/politica\/camara-aprova-recolhimento-de-objetos-de-populacao-em-situacao-de-rua-em-bh-1.2984811\">OTEMPO<\/a><\/p>\n<p>Foto: retirada da mat\u00e9ria<\/p>\n","protected":false},"excerpt":{"rendered":"<p>A C\u00e2mara Municipal de Belo Horizonte aprovou em 1\u00b0 turno, nesta quarta-feira (5\/7), o projeto de lei que autoriza a Prefeitura de Belo Horizonte a [&hellip;] <span class=\"read-more-link\"><a class=\"read-more\" href=\"https:\/\/rehabitare.direito.ufmg.br\/?p=3610\">Read More<\/a><\/span><\/p>\n","protected":false},"author":1,"featured_media":3611,"comment_status":"open","ping_status":"open","sticky":false,"template":"","format":"standard","meta":{"footnotes":""},"categories":[7],"tags":[177,202,170,167],"class_list":["post-3610","post","type-post","status-publish","format-standard","has-post-thumbnail","hentry","category-noticias","tag-crime","tag-desigualdade","tag-remocao","tag-sem-teto"],"_links":{"self":[{"href":"https:\/\/rehabitare.direito.ufmg.br\/index.php?rest_route=\/wp\/v2\/posts\/3610"}],"collection":[{"href":"https:\/\/rehabitare.direito.ufmg.br\/index.php?rest_route=\/wp\/v2\/posts"}],"about":[{"href":"https:\/\/rehabitare.direito.ufmg.br\/index.php?rest_route=\/wp\/v2\/types\/post"}],"author":[{"embeddable":true,"href":"https:\/\/rehabitare.direito.ufmg.br\/index.php?rest_route=\/wp\/v2\/users\/1"}],"replies":[{"embeddable":true,"href":"https:\/\/rehabitare.direito.ufmg.br\/index.php?rest_route=%2Fwp%2Fv2%2Fcomments&post=3610"}],"version-history":[{"count":1,"href":"https:\/\/rehabitare.direito.ufmg.br\/index.php?rest_route=\/wp\/v2\/posts\/3610\/revisions"}],"predecessor-version":[{"id":3612,"href":"https:\/\/rehabitare.direito.ufmg.br\/index.php?rest_route=\/wp\/v2\/posts\/3610\/revisions\/3612"}],"wp:featuredmedia":[{"embeddable":true,"href":"https:\/\/rehabitare.direito.ufmg.br\/index.php?rest_route=\/wp\/v2\/media\/3611"}],"wp:attachment":[{"href":"https:\/\/rehabitare.direito.ufmg.br\/index.php?rest_route=%2Fwp%2Fv2%2Fmedia&parent=3610"}],"wp:term":[{"taxonomy":"category","embeddable":true,"href":"https:\/\/rehabitare.direito.ufmg.br\/index.php?rest_route=%2Fwp%2Fv2%2Fcategories&post=3610"},{"taxonomy":"post_tag","embeddable":true,"href":"https:\/\/rehabitare.direito.ufmg.br\/index.php?rest_route=%2Fwp%2Fv2%2Ftags&post=3610"}],"curies":[{"name":"wp","href":"https:\/\/api.w.org\/{rel}","templated":true}]}}