{"id":3626,"date":"2023-07-19T21:33:34","date_gmt":"2023-07-20T00:33:34","guid":{"rendered":"https:\/\/rehabitare.direito.ufmg.br\/?p=3626"},"modified":"2023-07-19T21:33:34","modified_gmt":"2023-07-20T00:33:34","slug":"dpu-recomenda-implementacao-do-projeto-moradia-primeiro","status":"publish","type":"post","link":"https:\/\/rehabitare.direito.ufmg.br\/?p=3626","title":{"rendered":"DPU recomenda implementa\u00e7\u00e3o do projeto Moradia Primeiro"},"content":{"rendered":"<p>Bras\u00edlia- A Defensoria P\u00fablica da Uni\u00e3o (DPU) encaminhou of\u00edcio ao governo federal, no qual recomenda a ado\u00e7\u00e3o de pol\u00edtica p\u00fablica para pessoas em situa\u00e7\u00e3o de rua, atrav\u00e9s da implanta\u00e7\u00e3o do projeto <strong>Moradia Primeiro<\/strong>. A recomenda\u00e7\u00e3o \u00e9 assinada pelos defensores regionais de direitos humanos no Paran\u00e1 (DRDH\/PR), Rodrigo Alves Zanetti; e no Mato Grosso (DRDH\/MT), Renan Vinicius Sotto Mayor de Oliveira; al\u00e9m da defensora nacional de Direitos Humanos (DNDH), Carolina Soares Castelliano Lucena de Castro.<\/p>\n<p>O projeto Moradia Primeiro parte do princ\u00edpio do acesso imediato de uma <strong>pessoa em situa\u00e7\u00e3o cr\u00f4nica de rua<\/strong> (mais de cinco anos na rua, uso abusivo de \u00e1lcool e outras drogas e com transtorno mental) a uma moradia segura, individual, dispersa no territ\u00f3rio do munic\u00edpio e integrada \u00e0 comunidade. Ao entrar no projeto, a pessoa passa a receber apoio para permanecer na moradia atrav\u00e9s do acompanhamento de uma equipe flex\u00edvel, formada por profissionais de diferentes \u00e1reas, que atende \u00e0s diversas demandas apresentadas de maneira integrada. Atualmente, existe um projeto piloto em andamento na cidade de Curitiba\/PR, com custo mensal de R$ 800,00 por unidade, e programas similares em pa\u00edses da Am\u00e9rica Latina, como Chile e Uruguai.<\/p>\n<p>O documento da DPU informa que mais de 6,35 milh\u00f5es de fam\u00edlias no pa\u00eds n\u00e3o t\u00eam casa, o que significa mais de 30 milh\u00f5es de pessoas sem um local adequado para viver, segundo dados de 2019. Os defensores destacam ainda que \u2013 apesar da Constitui\u00e7\u00e3o Federal (CF) de 1998 garantir a fun\u00e7\u00e3o social da propriedade \u2013 a Secretaria de Patrim\u00f4nio da Uni\u00e3o (SPU) \u201cpossui 10.304 im\u00f3veis vagos e outras 16 mil propriedades que n\u00e3o possuem informa\u00e7\u00e3o se est\u00e3o ou n\u00e3o ocupadas segundo dados de 2017, de modo que n\u00e3o se pode ignorar que a fun\u00e7\u00e3o social da propriedade tamb\u00e9m se aplica aos im\u00f3veis do poder p\u00fablico, e os im\u00f3veis sem uso deveriam ser destinados \u00e0 moradia de interesse social\u201d.<\/p>\n<p>Al\u00e9m disso, o acesso \u00e0 moradia segura e adequada \u00e9 uma das metas da Organiza\u00e7\u00e3o das Na\u00e7\u00f5es Unidas (ONU) para 2030 e est\u00e1 presente em resolu\u00e7\u00f5es do Conselho Nacional de Direitos Humanos (CNDH), como \u00e9 o caso da resolu\u00e7\u00e3o 40\/2020, que afirma: \u201cos entes federativos devem promover pol\u00edticas p\u00fablicas estruturantes, e que tenham como objetivo central a constru\u00e7\u00e3o e execu\u00e7\u00e3o de planos de supera\u00e7\u00e3o da situa\u00e7\u00e3o de rua\u201d.<\/p>\n<p>Leia a mat\u00e9ria completa no site da<a href=\"https:\/\/www.dpu.def.br\/noticias-institucional\/75780-dpu-recomenda-implementacao-do-projeto-moradia-primeiro\"> Defensoria P\u00fablica da Uni\u00e3o<\/a><\/p>\n<p>Foto: retirada do site do governo<\/p>\n","protected":false},"excerpt":{"rendered":"<p>Bras\u00edlia- A Defensoria P\u00fablica da Uni\u00e3o (DPU) encaminhou of\u00edcio ao governo federal, no qual recomenda a ado\u00e7\u00e3o de pol\u00edtica p\u00fablica para pessoas em situa\u00e7\u00e3o de [&hellip;] <span class=\"read-more-link\"><a class=\"read-more\" href=\"https:\/\/rehabitare.direito.ufmg.br\/?p=3626\">Read More<\/a><\/span><\/p>\n","protected":false},"author":1,"featured_media":3627,"comment_status":"open","ping_status":"open","sticky":false,"template":"","format":"standard","meta":{"footnotes":""},"categories":[7],"tags":[201,189,140,183,190,167],"class_list":["post-3626","post","type-post","status-publish","format-standard","has-post-thumbnail","hentry","category-noticias","tag-direito-a-moradia","tag-moradia-popular","tag-moradia-social","tag-politica-habitacional","tag-programa-de-moradia","tag-sem-teto"],"_links":{"self":[{"href":"https:\/\/rehabitare.direito.ufmg.br\/index.php?rest_route=\/wp\/v2\/posts\/3626"}],"collection":[{"href":"https:\/\/rehabitare.direito.ufmg.br\/index.php?rest_route=\/wp\/v2\/posts"}],"about":[{"href":"https:\/\/rehabitare.direito.ufmg.br\/index.php?rest_route=\/wp\/v2\/types\/post"}],"author":[{"embeddable":true,"href":"https:\/\/rehabitare.direito.ufmg.br\/index.php?rest_route=\/wp\/v2\/users\/1"}],"replies":[{"embeddable":true,"href":"https:\/\/rehabitare.direito.ufmg.br\/index.php?rest_route=%2Fwp%2Fv2%2Fcomments&post=3626"}],"version-history":[{"count":1,"href":"https:\/\/rehabitare.direito.ufmg.br\/index.php?rest_route=\/wp\/v2\/posts\/3626\/revisions"}],"predecessor-version":[{"id":3628,"href":"https:\/\/rehabitare.direito.ufmg.br\/index.php?rest_route=\/wp\/v2\/posts\/3626\/revisions\/3628"}],"wp:featuredmedia":[{"embeddable":true,"href":"https:\/\/rehabitare.direito.ufmg.br\/index.php?rest_route=\/wp\/v2\/media\/3627"}],"wp:attachment":[{"href":"https:\/\/rehabitare.direito.ufmg.br\/index.php?rest_route=%2Fwp%2Fv2%2Fmedia&parent=3626"}],"wp:term":[{"taxonomy":"category","embeddable":true,"href":"https:\/\/rehabitare.direito.ufmg.br\/index.php?rest_route=%2Fwp%2Fv2%2Fcategories&post=3626"},{"taxonomy":"post_tag","embeddable":true,"href":"https:\/\/rehabitare.direito.ufmg.br\/index.php?rest_route=%2Fwp%2Fv2%2Ftags&post=3626"}],"curies":[{"name":"wp","href":"https:\/\/api.w.org\/{rel}","templated":true}]}}