{"id":3664,"date":"2023-08-17T23:17:23","date_gmt":"2023-08-18T02:17:23","guid":{"rendered":"https:\/\/rehabitare.direito.ufmg.br\/?p=3664"},"modified":"2023-08-17T23:17:49","modified_gmt":"2023-08-18T02:17:49","slug":"com-r-17-trilhao-pac-foca-em-moradia-mobilidade-urbana-e-energia","status":"publish","type":"post","link":"https:\/\/rehabitare.direito.ufmg.br\/?p=3664","title":{"rendered":"Com R$ 1,7 trilh\u00e3o, PAC foca em moradia, mobilidade urbana e energia"},"content":{"rendered":"<p class=\"col-10 offset-1 animated fadeInDown dealy-900 display-8 display-md-8 alt-font font-italic my-1 text-center\">Programa busca gerar emprego e renda e reduzir desigualdades sociais.<\/p>\n<p>Com previs\u00e3o total de R$ 1,7 trilh\u00e3o em investimentos p\u00fablicos e privados, o novo <strong>Programa de Acelera\u00e7\u00e3o do Crescimento<\/strong> (PAC) foi lan\u00e7ado nesta sexta-feira (11) em uma cerim\u00f4nia no Theatro Municipal do Rio de Janeiro, com a presen\u00e7a do presidente Luiz In\u00e1cio Lula da Silva e ministros.\u00a0<img decoding=\"async\" src=\"https:\/\/agenciabrasil.ebc.com.br\/ebc.png?id=1548481&amp;o=node\" \/><img decoding=\"async\" src=\"https:\/\/agenciabrasil.ebc.com.br\/ebc.gif?id=1548481&amp;o=node\" \/><\/p>\n<p>Os principais <strong>objetivos do programa s\u00e3o gerar emprego e renda, reduzir desigualdades sociais e regionais e acelerar o crescimento econ\u00f4mico<\/strong>. Segundo o governo, as a\u00e7\u00f5es do programa est\u00e3o comprometidas com a transi\u00e7\u00e3o ecol\u00f3gica, a neoindustrializa\u00e7\u00e3o, o crescimento com inclus\u00e3o social e a sustentabilidade ambiental.<\/p>\n<p>Do total de recursos para o novo PAC, R$ 371 bilh\u00f5es\u00a0vir\u00e3o do Or\u00e7amento Geral da Uni\u00e3o. O setor privado entra com R$ 612 bilh\u00f5es. As empresas estatais v\u00e3o aportar R$ 343 bilh\u00f5es, especialmente a Petrobras, e mais R$ 362 bilh\u00f5es vir\u00e3o de financiamentos. A previs\u00e3o \u00e9 que\u00a0R$ 1,4 trilh\u00e3o sejam\u00a0aplicados at\u00e9 2026\u00a0e o restante ap\u00f3s essa data.<\/p>\n<p>O Novo PAC ter\u00e1 nove eixos de investimentos. Com R$ 610 bilh\u00f5es, o maior investimento previsto no Novo PAC \u00e9 para o eixo\u00a0Cidades Sustent\u00e1veis e Resilientes, que prev\u00ea a constru\u00e7\u00e3o de novas moradias do Minha Casa, Minha Vida e o financiamento para aquisi\u00e7\u00e3o de im\u00f3veis.\u00a0Tamb\u00e9m h\u00e1 previs\u00e3o de investimentos na moderniza\u00e7\u00e3o da mobilidade urbana de forma sustent\u00e1vel, em urbaniza\u00e7\u00e3o de favelas, esgotamento sanit\u00e1rio, gest\u00e3o de res\u00edduos s\u00f3lidos e conten\u00e7\u00e3o de encostas e combate a enchentes.<\/p>\n<p>Leia a mat\u00e9ria completa no site da <a href=\"https:\/\/agenciabrasil.ebc.com.br\/economia\/noticia\/2023-08\/com-r-17-tri-novo-pac-foca-em-moradia-mobilidade-urbana-e-energia\">Ag\u00eancia Brasil<\/a><\/p>\n<p>Foto: retirada da mat\u00e9ria<\/p>\n","protected":false},"excerpt":{"rendered":"<p>Programa busca gerar emprego e renda e reduzir desigualdades sociais. Com previs\u00e3o total de R$ 1,7 trilh\u00e3o em investimentos p\u00fablicos e privados, o novo Programa [&hellip;] <span class=\"read-more-link\"><a class=\"read-more\" href=\"https:\/\/rehabitare.direito.ufmg.br\/?p=3664\">Read More<\/a><\/span><\/p>\n","protected":false},"author":1,"featured_media":3665,"comment_status":"open","ping_status":"open","sticky":false,"template":"","format":"standard","meta":{"footnotes":""},"categories":[7],"tags":[188,14,181,183,190],"class_list":["post-3664","post","type-post","status-publish","format-standard","has-post-thumbnail","hentry","category-noticias","tag-espaco-urbano","tag-habitacao","tag-planejamento-urbano","tag-politica-habitacional","tag-programa-de-moradia"],"_links":{"self":[{"href":"https:\/\/rehabitare.direito.ufmg.br\/index.php?rest_route=\/wp\/v2\/posts\/3664"}],"collection":[{"href":"https:\/\/rehabitare.direito.ufmg.br\/index.php?rest_route=\/wp\/v2\/posts"}],"about":[{"href":"https:\/\/rehabitare.direito.ufmg.br\/index.php?rest_route=\/wp\/v2\/types\/post"}],"author":[{"embeddable":true,"href":"https:\/\/rehabitare.direito.ufmg.br\/index.php?rest_route=\/wp\/v2\/users\/1"}],"replies":[{"embeddable":true,"href":"https:\/\/rehabitare.direito.ufmg.br\/index.php?rest_route=%2Fwp%2Fv2%2Fcomments&post=3664"}],"version-history":[{"count":1,"href":"https:\/\/rehabitare.direito.ufmg.br\/index.php?rest_route=\/wp\/v2\/posts\/3664\/revisions"}],"predecessor-version":[{"id":3666,"href":"https:\/\/rehabitare.direito.ufmg.br\/index.php?rest_route=\/wp\/v2\/posts\/3664\/revisions\/3666"}],"wp:featuredmedia":[{"embeddable":true,"href":"https:\/\/rehabitare.direito.ufmg.br\/index.php?rest_route=\/wp\/v2\/media\/3665"}],"wp:attachment":[{"href":"https:\/\/rehabitare.direito.ufmg.br\/index.php?rest_route=%2Fwp%2Fv2%2Fmedia&parent=3664"}],"wp:term":[{"taxonomy":"category","embeddable":true,"href":"https:\/\/rehabitare.direito.ufmg.br\/index.php?rest_route=%2Fwp%2Fv2%2Fcategories&post=3664"},{"taxonomy":"post_tag","embeddable":true,"href":"https:\/\/rehabitare.direito.ufmg.br\/index.php?rest_route=%2Fwp%2Fv2%2Ftags&post=3664"}],"curies":[{"name":"wp","href":"https:\/\/api.w.org\/{rel}","templated":true}]}}