{"id":3679,"date":"2023-08-29T18:00:36","date_gmt":"2023-08-29T21:00:36","guid":{"rendered":"https:\/\/rehabitare.direito.ufmg.br\/?p=3679"},"modified":"2023-08-30T19:59:44","modified_gmt":"2023-08-30T22:59:44","slug":"assembleia-discute-direito-a-moradia-em-audiencia-publica-conjunta-com-a-cmjp","status":"publish","type":"post","link":"https:\/\/rehabitare.direito.ufmg.br\/?p=3679","title":{"rendered":"Assembleia discute direito \u00e0 moradia em audi\u00eancia p\u00fablica conjunta com a CMJP"},"content":{"rendered":"<p>A <strong>Assembleia Legislativa da Para\u00edba<\/strong> (ALPB) realizou, nesta sexta-feira (25), uma audi\u00eancia p\u00fablica conjunta com a <strong>C\u00e2mara Municipal de Jo\u00e3o Pessoa<\/strong> (CMPJ) para discutir <strong>remo\u00e7\u00f5es for\u00e7adas e a\u00e7\u00f5es de despejos<\/strong>, objeto de an\u00e1lise do F\u00f3rum Nacional de Reforma Urbana. A audi\u00eancia proposta pela deputada Cida Ramos aconteceu no plen\u00e1rio da Casa de Epit\u00e1cio Pessoa e contou com a presen\u00e7a do vereador de Jo\u00e3o Pessoa, Marcos Henriques, al\u00e9m de representantes do Minist\u00e9rio P\u00fablico Federal, da Secretaria Nacional das Periferias do Minist\u00e9rio da Cidades e de lideran\u00e7as de movimentos sociais, do Conselho Nacional de Direitos Humanos e do F\u00f3rum Nacional e Estadual de Reforma Urbana.<\/p>\n<p>A audi\u00eancia p\u00fablica realizada na Sede do Poder Legislativo \u00e9 uma das etapas da miss\u00e3o-den\u00fancia, composta por tr\u00eas momentos distintos que incluem: visita, escuta e di\u00e1logo com coletivos, comunidades e pessoas em situa\u00e7\u00e3o de viola\u00e7\u00f5es de direito, tendo como objetivo dar <strong>visibilidade \u00e0s situa\u00e7\u00f5es de viol\u00eancias vividas, apurar em detalhes as condi\u00e7\u00f5es \u00e0s quais as pessoas s\u00e3o submetidas e ouvir as demandas e reivindica\u00e7\u00f5es desses grupos<\/strong>. O segundo momento se trata da visita \u00e0s autoridades, que teriam o dever de garantir os direitos violados e a prerrogativa de impedir as viola\u00e7\u00f5es, a fim de buscar alternativas para que estas sejam cessadas e garantias de direitos. Por fim, o \u00faltimo momento \u00e9 a Audi\u00eancia P\u00fablica.<\/p>\n<p>De acordo com a deputada Cida Ramos, a iniciativa partiu de demandas apresentadas pelo F\u00f3rum Urbano das Entidades de Moradia, que procurou os Poderes Legislativo Municipal e Estadual com o objetivo de debater um tema que trata, al\u00e9m de tudo da <strong>dignidade humana atrav\u00e9s da moradia<\/strong>. \u201c\u00c9 um assunto que o Brasil inteiro j\u00e1 discute e o interesse \u00e9 que a gente possa enfrentar essa quest\u00e3o da habita\u00e7\u00e3o do direito \u00e0 moradia de forma digna, proteger as comunidades que est\u00e3o sob a amea\u00e7a da especula\u00e7\u00e3o imobili\u00e1ria e caminhar no sentido de encontrarmos alternativas\u201d, explicou a deputada.<\/p>\n<p>Leia a mat\u00e9ria completa no site da <a href=\"http:\/\/www.al.pb.leg.br\/50672\/assembleia-discute-direito-a-moradia-em-audiencia-publica-conjunta-com-a-cmjp.html\">Assembleia Legislativa da Para\u00edba<\/a><\/p>\n<p>Foto: retirada da mat\u00e9ria<\/p>\n","protected":false},"excerpt":{"rendered":"<p>A Assembleia Legislativa da Para\u00edba (ALPB) realizou, nesta sexta-feira (25), uma audi\u00eancia p\u00fablica conjunta com a C\u00e2mara Municipal de Jo\u00e3o Pessoa (CMPJ) para discutir remo\u00e7\u00f5es [&hellip;] <span class=\"read-more-link\"><a class=\"read-more\" href=\"https:\/\/rehabitare.direito.ufmg.br\/?p=3679\">Read More<\/a><\/span><\/p>\n","protected":false},"author":1,"featured_media":3680,"comment_status":"open","ping_status":"open","sticky":false,"template":"","format":"standard","meta":{"footnotes":""},"categories":[7],"tags":[141,165,201,9,144],"class_list":["post-3679","post","type-post","status-publish","format-standard","has-post-thumbnail","hentry","category-noticias","tag-deficit-habitacional","tag-despejo","tag-direito-a-moradia","tag-moradia-adequada","tag-remocoes-forcadas"],"_links":{"self":[{"href":"https:\/\/rehabitare.direito.ufmg.br\/index.php?rest_route=\/wp\/v2\/posts\/3679"}],"collection":[{"href":"https:\/\/rehabitare.direito.ufmg.br\/index.php?rest_route=\/wp\/v2\/posts"}],"about":[{"href":"https:\/\/rehabitare.direito.ufmg.br\/index.php?rest_route=\/wp\/v2\/types\/post"}],"author":[{"embeddable":true,"href":"https:\/\/rehabitare.direito.ufmg.br\/index.php?rest_route=\/wp\/v2\/users\/1"}],"replies":[{"embeddable":true,"href":"https:\/\/rehabitare.direito.ufmg.br\/index.php?rest_route=%2Fwp%2Fv2%2Fcomments&post=3679"}],"version-history":[{"count":1,"href":"https:\/\/rehabitare.direito.ufmg.br\/index.php?rest_route=\/wp\/v2\/posts\/3679\/revisions"}],"predecessor-version":[{"id":3681,"href":"https:\/\/rehabitare.direito.ufmg.br\/index.php?rest_route=\/wp\/v2\/posts\/3679\/revisions\/3681"}],"wp:featuredmedia":[{"embeddable":true,"href":"https:\/\/rehabitare.direito.ufmg.br\/index.php?rest_route=\/wp\/v2\/media\/3680"}],"wp:attachment":[{"href":"https:\/\/rehabitare.direito.ufmg.br\/index.php?rest_route=%2Fwp%2Fv2%2Fmedia&parent=3679"}],"wp:term":[{"taxonomy":"category","embeddable":true,"href":"https:\/\/rehabitare.direito.ufmg.br\/index.php?rest_route=%2Fwp%2Fv2%2Fcategories&post=3679"},{"taxonomy":"post_tag","embeddable":true,"href":"https:\/\/rehabitare.direito.ufmg.br\/index.php?rest_route=%2Fwp%2Fv2%2Ftags&post=3679"}],"curies":[{"name":"wp","href":"https:\/\/api.w.org\/{rel}","templated":true}]}}