{"id":3699,"date":"2023-09-13T14:40:37","date_gmt":"2023-09-13T17:40:37","guid":{"rendered":"https:\/\/rehabitare.direito.ufmg.br\/?p=3699"},"modified":"2023-09-13T14:40:37","modified_gmt":"2023-09-13T17:40:37","slug":"2a-instancia-do-tjmg-aceita-ingresso-da-dpmg-como-custus-vulnerabilis-em-acao-de-indenizacao-em-favor-de-idoso-que-teve-casa-destruida","status":"publish","type":"post","link":"https:\/\/rehabitare.direito.ufmg.br\/?p=3699","title":{"rendered":"2\u00aa Inst\u00e2ncia do TJMG aceita ingresso da DPMG como custus vulnerabilis em a\u00e7\u00e3o de indeniza\u00e7\u00e3o em favor de idoso que teve casa destru\u00edda"},"content":{"rendered":"<p>A 17\u00aa C\u00e2mara C\u00edvel do Tribunal de Justi\u00e7a de Minas Gerais (TJMG) acolheu agravo de instrumento interposto pela Defensoria P\u00fablica de Minas Gerais (DPMG) e admitiu a participa\u00e7\u00e3o da Institui\u00e7\u00e3o como <strong>guardi\u00e3 dos vulner\u00e1veis<\/strong> (<em>custos vulnerabilis<\/em>), em a\u00e7\u00e3o de indeniza\u00e7\u00e3o por danos morais e materiais em favor de um senhor idoso, de condi\u00e7\u00e3o humilde e com poucos recursos financeiros e sociais residente em Cataguases\/MG.<\/p>\n<p><strong>O caso<\/strong><\/p>\n<p>Aos 75 anos e com doen\u00e7as cr\u00f4nicas, o senhor F.D. que, desde seu nascimento\u00a0vivia na casa onde moraram sua m\u00e3e e antecessores, foi <strong>retirado de sua resid\u00eancia \u00e0 for\u00e7a e teve seu modesto patrim\u00f4nio destru\u00eddo pela Companhia Industrial Cataguases<\/strong>.<\/p>\n<p>O caso teve ampla repercuss\u00e3o na m\u00eddia local. Conforme abaixo-assinado circulado pela popula\u00e7\u00e3o do munic\u00edpio, o senhor F.D. sempre morou no im\u00f3vel. O local, que hoje \u00e9 conhecido como Vila Reis, fica nas redondezas das f\u00e1bricas da cidade e, na d\u00e9cada de 30, concentrava as moradias dos oper\u00e1rios.<\/p>\n<p>Como a regi\u00e3o era pouco valorizada, n\u00e3o havia oposi\u00e7\u00e3o por parte dos propriet\u00e1rios. Tamb\u00e9m era de conhecimento geral que a situa\u00e7\u00e3o n\u00e3o era formalizada com permiss\u00e3o de moradia na terra ou comodato.<\/p>\n<p>Na noite de 31 de agosto de 2020, o senhor F.D. recebeu a visita de representante da Companhia Industrial acompanhada por seis homens. Eles retiraram os bens do morador e destru\u00edram a casa, tornando-a inabit\u00e1vel.<\/p>\n<p>Ciente do not\u00f3rio desamparo e da condi\u00e7\u00e3o de vulnerabilidade de F.D., em janeiro de 2021 a unidade da Defensoria P\u00fablica em Cataguases peticionou, solicitando seu ingresso como\u00a0<em>custos vulnerabilis<\/em>\u00a0nos autos do processo de indeniza\u00e7\u00e3o que advogados particulares ajuizaram em favor do idoso.<\/p>\n<p>Leia a mat\u00e9ria completa no site da <a href=\"https:\/\/defensoria.mg.def.br\/2a-instancia-do-tjmg-aceita-ingresso-da-dpmg-como-custus-vulnerabilis-em-acao-de-indenizacao-em-favor-de-idoso-morador-de-cataguases\/\">Defensoria P\u00fablica de Minas Gerais<\/a><\/p>\n<p>Foto: retirada do site da DPMG<\/p>\n","protected":false},"excerpt":{"rendered":"<p>A 17\u00aa C\u00e2mara C\u00edvel do Tribunal de Justi\u00e7a de Minas Gerais (TJMG) acolheu agravo de instrumento interposto pela Defensoria P\u00fablica de Minas Gerais (DPMG) e [&hellip;] <span class=\"read-more-link\"><a class=\"read-more\" href=\"https:\/\/rehabitare.direito.ufmg.br\/?p=3699\">Read More<\/a><\/span><\/p>\n","protected":false},"author":1,"featured_media":3700,"comment_status":"open","ping_status":"open","sticky":false,"template":"","format":"standard","meta":{"footnotes":""},"categories":[7],"tags":[161,174,12,170,144],"class_list":["post-3699","post","type-post","status-publish","format-standard","has-post-thumbnail","hentry","category-noticias","tag-funcao-social-da-propriedade","tag-moradia","tag-reintegracao-de-posse","tag-remocao","tag-remocoes-forcadas"],"_links":{"self":[{"href":"https:\/\/rehabitare.direito.ufmg.br\/index.php?rest_route=\/wp\/v2\/posts\/3699"}],"collection":[{"href":"https:\/\/rehabitare.direito.ufmg.br\/index.php?rest_route=\/wp\/v2\/posts"}],"about":[{"href":"https:\/\/rehabitare.direito.ufmg.br\/index.php?rest_route=\/wp\/v2\/types\/post"}],"author":[{"embeddable":true,"href":"https:\/\/rehabitare.direito.ufmg.br\/index.php?rest_route=\/wp\/v2\/users\/1"}],"replies":[{"embeddable":true,"href":"https:\/\/rehabitare.direito.ufmg.br\/index.php?rest_route=%2Fwp%2Fv2%2Fcomments&post=3699"}],"version-history":[{"count":1,"href":"https:\/\/rehabitare.direito.ufmg.br\/index.php?rest_route=\/wp\/v2\/posts\/3699\/revisions"}],"predecessor-version":[{"id":3701,"href":"https:\/\/rehabitare.direito.ufmg.br\/index.php?rest_route=\/wp\/v2\/posts\/3699\/revisions\/3701"}],"wp:featuredmedia":[{"embeddable":true,"href":"https:\/\/rehabitare.direito.ufmg.br\/index.php?rest_route=\/wp\/v2\/media\/3700"}],"wp:attachment":[{"href":"https:\/\/rehabitare.direito.ufmg.br\/index.php?rest_route=%2Fwp%2Fv2%2Fmedia&parent=3699"}],"wp:term":[{"taxonomy":"category","embeddable":true,"href":"https:\/\/rehabitare.direito.ufmg.br\/index.php?rest_route=%2Fwp%2Fv2%2Fcategories&post=3699"},{"taxonomy":"post_tag","embeddable":true,"href":"https:\/\/rehabitare.direito.ufmg.br\/index.php?rest_route=%2Fwp%2Fv2%2Ftags&post=3699"}],"curies":[{"name":"wp","href":"https:\/\/api.w.org\/{rel}","templated":true}]}}