{"id":3702,"date":"2023-09-15T16:42:59","date_gmt":"2023-09-15T19:42:59","guid":{"rendered":"https:\/\/rehabitare.direito.ufmg.br\/?p=3702"},"modified":"2023-09-16T11:33:24","modified_gmt":"2023-09-16T14:33:24","slug":"fundo-brasileiro-que-promove-moradia-digna-ganha-premio-da-onu","status":"publish","type":"post","link":"https:\/\/rehabitare.direito.ufmg.br\/?p=3702","title":{"rendered":"Fundo brasileiro que promove moradia digna ganha pr\u00eamio da ONU"},"content":{"rendered":"<p>O\u00a0\u00a0<strong>Fundo Imobili\u00e1rio para Propriedade Comunit\u00e1ria<\/strong> (FICA) \u00e9 um dos vencedores do <strong>Pr\u00eamio Pergaminho de Honra 2023 da ONU Habitat<\/strong>, seu trabalho foi escolhido gra\u00e7as \u00e0 a\u00e7\u00e3o dedicada ao combate \u00e0 especula\u00e7\u00e3o imobili\u00e1ria e \u00e0s a\u00e7\u00f5es voltadas ao acesso de pessoas a alugueis mais baratos. A organiza\u00e7\u00e3o sem fins lucrativos ajudou fam\u00edlias de baixa renda a lutar contra a segrega\u00e7\u00e3o e apoiou as cidades na obten\u00e7\u00e3o de moradia para todos. Sua miss\u00e3o \u00e9 \u00fanica no contexto brasileiro e, ao atuar como propriet\u00e1rio social, oferece um novo papel dedicado ao combate \u00e0 especula\u00e7\u00e3o imobili\u00e1ria e realiza a\u00e7\u00f5es voltadas ao acesso \u00e0 moradia.<\/p>\n<p>O FICA desenvolve, os seguintes programas, <strong>Morar Primeiro<\/strong>, que prev\u00ea habita\u00e7\u00e3o para popula\u00e7\u00e3o em situa\u00e7\u00e3o de rua \u2013 em parceria com o\u00a0Padre J\u00falio Lancellotti;\u00a0Apartamentos, onde moradias unifamiliares s\u00e3o compradas por doa\u00e7\u00f5es; Compartilha, em que moradias coletivas financiadas por investimentos sociais; FicaLab, de incuba\u00e7\u00e3o e acelera\u00e7\u00e3o de projetos; e o Moradia Estudantil, para estudantes de baixa renda da Universidade de S\u00e3o Paulo.<\/p>\n<p>O Pr\u00eamio da ONU Habitat d\u00e1 voz \u00e0 incitativas no\u00a0\u00a0campo do desenvolvimento sustent\u00e1vel, ao reconhecer iniciativas de habita\u00e7\u00e3o e assentamentos humanos, que prop\u00f5em\u00a0 melhorias na vida urbana e aten\u00e7\u00e3o aos mais vulner\u00e1veis,\u00a0\u00a0contribuindo para o\u00a0<strong>Objetivo de Desenvolvimento Sustent\u00e1vel 11<\/strong>\u00a0\u2013 tornar as cidades e os assentamentos humanos inclusivos, seguros, resilientes e sustent\u00e1veis. S\u00e3o 5 projetos selecionados por ano, com mais de 80 indica\u00e7\u00f5es vindas da \u00c1frica, \u00c1sia, Europa e Am\u00e9rica Latina.<\/p>\n<p>A conquista do FICA marca a sexta vez que o Brasil \u00e9 contemplado na prestigiada premia\u00e7\u00e3o. No ano passado, foi Recife, em 2012, a cidade de S\u00e3o Paulo; em 2013, o Rio de Janeiro, al\u00e9m de dois programas do governo federal reconhecidos em 2005 e 2006. O pr\u00eamio ser\u00e1 entregue durante o Dia Mundial do Habitat (WHD), que este ano acontece em 2 de Outubro.<\/p>\n<p>Leia a mat\u00e9ria completa no site do <a href=\"https:\/\/observatorio3setor.org.br\/noticias\/fundo-brasileiro-que-promove-moradia-digna-ganha-premio-da-onu\/\">Observat\u00f3rio do Terceiro Setor<\/a><\/p>\n<p>Foto:\u00a0Andre Ribeiro\/Futura Press<\/p>\n","protected":false},"excerpt":{"rendered":"<p>O\u00a0\u00a0Fundo Imobili\u00e1rio para Propriedade Comunit\u00e1ria (FICA) \u00e9 um dos vencedores do Pr\u00eamio Pergaminho de Honra 2023 da ONU Habitat, seu trabalho foi escolhido gra\u00e7as \u00e0 [&hellip;] <span class=\"read-more-link\"><a class=\"read-more\" href=\"https:\/\/rehabitare.direito.ufmg.br\/?p=3702\">Read More<\/a><\/span><\/p>\n","protected":false},"author":1,"featured_media":3703,"comment_status":"open","ping_status":"open","sticky":false,"template":"","format":"standard","meta":{"footnotes":""},"categories":[7],"tags":[201,188,163,150,9],"class_list":["post-3702","post","type-post","status-publish","format-standard","has-post-thumbnail","hentry","category-noticias","tag-direito-a-moradia","tag-espaco-urbano","tag-especulacao-imobiliaria","tag-habitar-a-cidade","tag-moradia-adequada"],"_links":{"self":[{"href":"https:\/\/rehabitare.direito.ufmg.br\/index.php?rest_route=\/wp\/v2\/posts\/3702"}],"collection":[{"href":"https:\/\/rehabitare.direito.ufmg.br\/index.php?rest_route=\/wp\/v2\/posts"}],"about":[{"href":"https:\/\/rehabitare.direito.ufmg.br\/index.php?rest_route=\/wp\/v2\/types\/post"}],"author":[{"embeddable":true,"href":"https:\/\/rehabitare.direito.ufmg.br\/index.php?rest_route=\/wp\/v2\/users\/1"}],"replies":[{"embeddable":true,"href":"https:\/\/rehabitare.direito.ufmg.br\/index.php?rest_route=%2Fwp%2Fv2%2Fcomments&post=3702"}],"version-history":[{"count":1,"href":"https:\/\/rehabitare.direito.ufmg.br\/index.php?rest_route=\/wp\/v2\/posts\/3702\/revisions"}],"predecessor-version":[{"id":3704,"href":"https:\/\/rehabitare.direito.ufmg.br\/index.php?rest_route=\/wp\/v2\/posts\/3702\/revisions\/3704"}],"wp:featuredmedia":[{"embeddable":true,"href":"https:\/\/rehabitare.direito.ufmg.br\/index.php?rest_route=\/wp\/v2\/media\/3703"}],"wp:attachment":[{"href":"https:\/\/rehabitare.direito.ufmg.br\/index.php?rest_route=%2Fwp%2Fv2%2Fmedia&parent=3702"}],"wp:term":[{"taxonomy":"category","embeddable":true,"href":"https:\/\/rehabitare.direito.ufmg.br\/index.php?rest_route=%2Fwp%2Fv2%2Fcategories&post=3702"},{"taxonomy":"post_tag","embeddable":true,"href":"https:\/\/rehabitare.direito.ufmg.br\/index.php?rest_route=%2Fwp%2Fv2%2Ftags&post=3702"}],"curies":[{"name":"wp","href":"https:\/\/api.w.org\/{rel}","templated":true}]}}