{"id":3743,"date":"2023-10-09T15:12:11","date_gmt":"2023-10-09T18:12:11","guid":{"rendered":"https:\/\/rehabitare.direito.ufmg.br\/?p=3743"},"modified":"2023-10-09T15:12:11","modified_gmt":"2023-10-09T18:12:11","slug":"lar-lutas-e-direitos-mobilizacoes-populares-cobram-o-direito-a-moradia-digna","status":"publish","type":"post","link":"https:\/\/rehabitare.direito.ufmg.br\/?p=3743","title":{"rendered":"\u201cLar: Lutas e Direitos\u201d: mobiliza\u00e7\u00f5es populares cobram o direito \u00e0 moradia digna"},"content":{"rendered":"<p>&nbsp;<\/p>\n<p>A terceira reportagem da S\u00e9rie: \u201cLar: Lutas e Direitos\u201d mostra como a mobiliza\u00e7\u00e3o de pessoas sem-teto foi fundamental para o surgimento de Pol\u00edticas Habitacionais em cidades como Belo Horizonte, por exemplo. S\u00e3o mobiliza\u00e7\u00f5es populares que cobram o que est\u00e1 previsto na Constitui\u00e7\u00e3o: <strong>o direito \u00e0 moradia. <\/strong><\/p>\n<p>A terceira reportagem conta com a participa\u00e7\u00e3o do Prof. Daniel Gaio (Coordenador do RE-HABITARE e Professor de Direito Ambiental e Direito Urban\u00edstico da UFMG).<\/p>\n<p>Link da reportagem:\u00a0<span style=\"color: #0000ff;\"><a style=\"color: #0000ff;\" href=\"https:\/\/youtu.be\/QiAntGjZ_tg?si=nNCUPfEF9OQx1Va3\" target=\"_blank\" rel=\"noopener\">https:\/\/youtu.be\/QiAntGjZ_tg?si=nNCUPfEF9OQx1Va3<\/a><\/span><\/p>\n<p>Foto: retirada da reportagem<\/p>\n","protected":false},"excerpt":{"rendered":"<p>&nbsp; A terceira reportagem da S\u00e9rie: \u201cLar: Lutas e Direitos\u201d mostra como a mobiliza\u00e7\u00e3o de pessoas sem-teto foi fundamental para o surgimento de Pol\u00edticas Habitacionais [&hellip;] <span class=\"read-more-link\"><a class=\"read-more\" href=\"https:\/\/rehabitare.direito.ufmg.br\/?p=3743\">Read More<\/a><\/span><\/p>\n","protected":false},"author":1,"featured_media":3744,"comment_status":"open","ping_status":"open","sticky":false,"template":"","format":"standard","meta":{"footnotes":""},"categories":[249],"tags":[201,140,4,183,167],"class_list":["post-3743","post","type-post","status-publish","format-standard","has-post-thumbnail","hentry","category-indicacao","tag-direito-a-moradia","tag-moradia-social","tag-ocupacao","tag-politica-habitacional","tag-sem-teto"],"_links":{"self":[{"href":"https:\/\/rehabitare.direito.ufmg.br\/index.php?rest_route=\/wp\/v2\/posts\/3743"}],"collection":[{"href":"https:\/\/rehabitare.direito.ufmg.br\/index.php?rest_route=\/wp\/v2\/posts"}],"about":[{"href":"https:\/\/rehabitare.direito.ufmg.br\/index.php?rest_route=\/wp\/v2\/types\/post"}],"author":[{"embeddable":true,"href":"https:\/\/rehabitare.direito.ufmg.br\/index.php?rest_route=\/wp\/v2\/users\/1"}],"replies":[{"embeddable":true,"href":"https:\/\/rehabitare.direito.ufmg.br\/index.php?rest_route=%2Fwp%2Fv2%2Fcomments&post=3743"}],"version-history":[{"count":1,"href":"https:\/\/rehabitare.direito.ufmg.br\/index.php?rest_route=\/wp\/v2\/posts\/3743\/revisions"}],"predecessor-version":[{"id":3745,"href":"https:\/\/rehabitare.direito.ufmg.br\/index.php?rest_route=\/wp\/v2\/posts\/3743\/revisions\/3745"}],"wp:featuredmedia":[{"embeddable":true,"href":"https:\/\/rehabitare.direito.ufmg.br\/index.php?rest_route=\/wp\/v2\/media\/3744"}],"wp:attachment":[{"href":"https:\/\/rehabitare.direito.ufmg.br\/index.php?rest_route=%2Fwp%2Fv2%2Fmedia&parent=3743"}],"wp:term":[{"taxonomy":"category","embeddable":true,"href":"https:\/\/rehabitare.direito.ufmg.br\/index.php?rest_route=%2Fwp%2Fv2%2Fcategories&post=3743"},{"taxonomy":"post_tag","embeddable":true,"href":"https:\/\/rehabitare.direito.ufmg.br\/index.php?rest_route=%2Fwp%2Fv2%2Ftags&post=3743"}],"curies":[{"name":"wp","href":"https:\/\/api.w.org\/{rel}","templated":true}]}}