{"id":3746,"date":"2023-10-11T15:56:15","date_gmt":"2023-10-11T18:56:15","guid":{"rendered":"https:\/\/rehabitare.direito.ufmg.br\/?p=3746"},"modified":"2023-10-11T15:56:15","modified_gmt":"2023-10-11T18:56:15","slug":"em-atuacoes-da-defensoria-tjsp-suspende-ordens-de-reintegracao-de-posse-e-encaminha-casos-para-atuacao-do-gaorp","status":"publish","type":"post","link":"https:\/\/rehabitare.direito.ufmg.br\/?p=3746","title":{"rendered":"Em atua\u00e7\u00f5es da Defensoria, TJSP suspende ordens de reintegra\u00e7\u00e3o de posse e encaminha casos para atua\u00e7\u00e3o do GAORP"},"content":{"rendered":"<p>A Defensoria P\u00fablica de SP obteve recentemente duas decis\u00f5es do Tribunal de Justi\u00e7a paulista que, em observ\u00e2ncia \u00e0 recomenda\u00e7\u00e3o do CNJ e ao determinado pelo Supremo Tribunal Federal (STF) na ADPF n\u00ba 828, suspenderam ordens de reintegra\u00e7\u00e3o de posse e encaminharam os casos para atua\u00e7\u00e3o do Grupo de Apoio \u00e0s Ordens Judiciais de Reintegra\u00e7\u00e3o de Posse (GAORP).<\/p>\n<p>O GAORP tem por finalidade acompanhar as ordens judiciais de reintegra\u00e7\u00e3o de posse caracterizadas como de alta complexidade, seja em rela\u00e7\u00e3o ao n\u00famero de pessoas envolvidas, local ocupado e outras circunst\u00e2ncias a serem ponderadas, servindo como espa\u00e7o interinstitucional de produ\u00e7\u00e3o de solu\u00e7\u00f5es consensuais e\/ou menos onerosa poss\u00edvel \u00e0s partes envolvidas.<\/p>\n<p>Os casos contaram com atua\u00e7\u00e3o do N\u00facleo Especializado de Habita\u00e7\u00e3o e Urbanismo e apoio do N\u00facleo de Segunda Inst\u00e2ncia e Tribunais Superiores da Defensoria paulista.<\/p>\n<p><strong>Mogi Mirim\u00a0<\/strong><\/p>\n<p>Em um dos casos, a decis\u00e3o beneficiou cerca de 120 fam\u00edlias que ocupam uma \u00e1rea conhecida como Horto Vergel, na cidade de Mogi Mirim, interior do estado de SP.<\/p>\n<p>Fonte: https:\/\/www.defensoria.sp.def.br\/noticias\/-\/noticia\/4894201<\/p>\n<p>Foto:\u00a0Catherine Gaspar\/Wikipedia<\/p>\n","protected":false},"excerpt":{"rendered":"<p>A Defensoria P\u00fablica de SP obteve recentemente duas decis\u00f5es do Tribunal de Justi\u00e7a paulista que, em observ\u00e2ncia \u00e0 recomenda\u00e7\u00e3o do CNJ e ao determinado pelo [&hellip;] <span class=\"read-more-link\"><a class=\"read-more\" href=\"https:\/\/rehabitare.direito.ufmg.br\/?p=3746\">Read More<\/a><\/span><\/p>\n","protected":false},"author":1,"featured_media":3747,"comment_status":"open","ping_status":"open","sticky":false,"template":"","format":"standard","meta":{"footnotes":""},"categories":[7],"tags":[13,201,174,12],"class_list":["post-3746","post","type-post","status-publish","format-standard","has-post-thumbnail","hentry","category-noticias","tag-cidades","tag-direito-a-moradia","tag-moradia","tag-reintegracao-de-posse"],"_links":{"self":[{"href":"https:\/\/rehabitare.direito.ufmg.br\/index.php?rest_route=\/wp\/v2\/posts\/3746"}],"collection":[{"href":"https:\/\/rehabitare.direito.ufmg.br\/index.php?rest_route=\/wp\/v2\/posts"}],"about":[{"href":"https:\/\/rehabitare.direito.ufmg.br\/index.php?rest_route=\/wp\/v2\/types\/post"}],"author":[{"embeddable":true,"href":"https:\/\/rehabitare.direito.ufmg.br\/index.php?rest_route=\/wp\/v2\/users\/1"}],"replies":[{"embeddable":true,"href":"https:\/\/rehabitare.direito.ufmg.br\/index.php?rest_route=%2Fwp%2Fv2%2Fcomments&post=3746"}],"version-history":[{"count":1,"href":"https:\/\/rehabitare.direito.ufmg.br\/index.php?rest_route=\/wp\/v2\/posts\/3746\/revisions"}],"predecessor-version":[{"id":3748,"href":"https:\/\/rehabitare.direito.ufmg.br\/index.php?rest_route=\/wp\/v2\/posts\/3746\/revisions\/3748"}],"wp:featuredmedia":[{"embeddable":true,"href":"https:\/\/rehabitare.direito.ufmg.br\/index.php?rest_route=\/wp\/v2\/media\/3747"}],"wp:attachment":[{"href":"https:\/\/rehabitare.direito.ufmg.br\/index.php?rest_route=%2Fwp%2Fv2%2Fmedia&parent=3746"}],"wp:term":[{"taxonomy":"category","embeddable":true,"href":"https:\/\/rehabitare.direito.ufmg.br\/index.php?rest_route=%2Fwp%2Fv2%2Fcategories&post=3746"},{"taxonomy":"post_tag","embeddable":true,"href":"https:\/\/rehabitare.direito.ufmg.br\/index.php?rest_route=%2Fwp%2Fv2%2Ftags&post=3746"}],"curies":[{"name":"wp","href":"https:\/\/api.w.org\/{rel}","templated":true}]}}