{"id":3787,"date":"2023-10-16T22:34:12","date_gmt":"2023-10-17T01:34:12","guid":{"rendered":"https:\/\/rehabitare.direito.ufmg.br\/?p=3787"},"modified":"2023-10-16T22:34:59","modified_gmt":"2023-10-17T01:34:59","slug":"lar-lutas-e-direitos-ocupacoes-sao-reflexos-da-falencia-das-politicas-habitacionais","status":"publish","type":"post","link":"https:\/\/rehabitare.direito.ufmg.br\/?p=3787","title":{"rendered":"&#8220;Lar: Lutas e Direitos&#8221;: ocupa\u00e7\u00f5es s\u00e3o reflexos da fal\u00eancia das pol\u00edticas habitacionais"},"content":{"rendered":"<p>O crescimento das ocupa\u00e7\u00f5es na Regi\u00e3o Metropolitana de Belo Horizonte, nas \u00faltimas duas d\u00e9cadas, \u00e9 um sintoma da fal\u00eancia das pol\u00edticas habitacionais no Brasil.<\/p>\n<p>A quarta reportagem da s\u00e9rie \u201cLar: Lutas e Direitos\u201d mostra como o uso de \u00e1reas vazias nas periferias e de pr\u00e9dios abandonados nas grandes cidades se transformaram em moradia para muitas fam\u00edlias no pa\u00eds. A quarta reportagem conta com a participa\u00e7\u00e3o do Prof. Daniel Gaio (Coordenador do RE-HABITARE e Professor de Direito Ambiental e Direito Urban\u00edstico da UFMG).<\/p>\n<p>Link da reportagem: https:\/\/youtu.be\/lOQQa-THvrQ?si=PQoH8Q-xb4dQLYDd<\/p>\n<p>Foto: retirada da reportagem.<\/p>\n","protected":false},"excerpt":{"rendered":"<p>O crescimento das ocupa\u00e7\u00f5es na Regi\u00e3o Metropolitana de Belo Horizonte, nas \u00faltimas duas d\u00e9cadas, \u00e9 um sintoma da fal\u00eancia das pol\u00edticas habitacionais no Brasil. A [&hellip;] <span class=\"read-more-link\"><a class=\"read-more\" href=\"https:\/\/rehabitare.direito.ufmg.br\/?p=3787\">Read More<\/a><\/span><\/p>\n","protected":false},"author":1,"featured_media":3789,"comment_status":"open","ping_status":"open","sticky":false,"template":"","format":"standard","meta":{"footnotes":""},"categories":[249],"tags":[139,201,179,183],"class_list":["post-3787","post","type-post","status-publish","format-standard","has-post-thumbnail","hentry","category-indicacao","tag-crise-habitacional","tag-direito-a-moradia","tag-ocupacoes-urbanas","tag-politica-habitacional"],"_links":{"self":[{"href":"https:\/\/rehabitare.direito.ufmg.br\/index.php?rest_route=\/wp\/v2\/posts\/3787"}],"collection":[{"href":"https:\/\/rehabitare.direito.ufmg.br\/index.php?rest_route=\/wp\/v2\/posts"}],"about":[{"href":"https:\/\/rehabitare.direito.ufmg.br\/index.php?rest_route=\/wp\/v2\/types\/post"}],"author":[{"embeddable":true,"href":"https:\/\/rehabitare.direito.ufmg.br\/index.php?rest_route=\/wp\/v2\/users\/1"}],"replies":[{"embeddable":true,"href":"https:\/\/rehabitare.direito.ufmg.br\/index.php?rest_route=%2Fwp%2Fv2%2Fcomments&post=3787"}],"version-history":[{"count":3,"href":"https:\/\/rehabitare.direito.ufmg.br\/index.php?rest_route=\/wp\/v2\/posts\/3787\/revisions"}],"predecessor-version":[{"id":3791,"href":"https:\/\/rehabitare.direito.ufmg.br\/index.php?rest_route=\/wp\/v2\/posts\/3787\/revisions\/3791"}],"wp:featuredmedia":[{"embeddable":true,"href":"https:\/\/rehabitare.direito.ufmg.br\/index.php?rest_route=\/wp\/v2\/media\/3789"}],"wp:attachment":[{"href":"https:\/\/rehabitare.direito.ufmg.br\/index.php?rest_route=%2Fwp%2Fv2%2Fmedia&parent=3787"}],"wp:term":[{"taxonomy":"category","embeddable":true,"href":"https:\/\/rehabitare.direito.ufmg.br\/index.php?rest_route=%2Fwp%2Fv2%2Fcategories&post=3787"},{"taxonomy":"post_tag","embeddable":true,"href":"https:\/\/rehabitare.direito.ufmg.br\/index.php?rest_route=%2Fwp%2Fv2%2Ftags&post=3787"}],"curies":[{"name":"wp","href":"https:\/\/api.w.org\/{rel}","templated":true}]}}