{"id":3792,"date":"2023-10-18T16:08:18","date_gmt":"2023-10-18T19:08:18","guid":{"rendered":"https:\/\/rehabitare.direito.ufmg.br\/?p=3792"},"modified":"2023-10-18T16:08:39","modified_gmt":"2023-10-18T19:08:39","slug":"camara-aprova-projeto-que-visa-dar-trabalho-e-moradia-para-a-populacao-em-situacao-de-rua","status":"publish","type":"post","link":"https:\/\/rehabitare.direito.ufmg.br\/?p=3792","title":{"rendered":"C\u00e2mara aprova projeto que visa dar trabalho e moradia para a popula\u00e7\u00e3o em situa\u00e7\u00e3o de rua"},"content":{"rendered":"<p>A C\u00e2mara dos Deputados aprovou, na quarta-feira (4), o Projeto de Lei da Pol\u00edtica Nacional de Trabalho Digno e Cidadania para Popula\u00e7\u00e3o em Situa\u00e7\u00e3o de Rua, que estimula a capacita\u00e7\u00e3o e inser\u00e7\u00e3o dessa popula\u00e7\u00e3o no mercado de trabalho e incentiva pol\u00edticas de moradia.<\/p>\n<p>O PL 2254\/23 \u00e9 de autoria da deputada Erika Hilton (PSol-SP) e foi relatado pelo deputado Orlando Silva (PCdoB-SP). O texto agora vai para o Senado e, se aprovado, para san\u00e7\u00e3o presidencial.<\/p>\n<p>Erika destacou que o substitutivo apresentado foi aprovado \u201cgra\u00e7as ao excelente trabalho do relator, deputado Orlando Silva, e \u00e0s press\u00f5es que foram feitas\u201d. A lei \u201ctrar\u00e1 dignidade e emancipa\u00e7\u00e3o para a popula\u00e7\u00e3o em situa\u00e7\u00e3o de rua\u201d, afirmou.<\/p>\n<p>O PL afirma que dever\u00e1 ser garantido \u201co acesso imediato \u00e0 moradia dos benefici\u00e1rios [da Pol\u00edtica Nacional de Trabalho Digno, Renda e Cidadania para Popula\u00e7\u00e3o em Situa\u00e7\u00e3o de Rua], seja atrav\u00e9s de pol\u00edticas de habita\u00e7\u00e3o, seja por programas espec\u00edficos para popula\u00e7\u00e3o em situa\u00e7\u00e3o de rua\u201d.<\/p>\n<p>Ver mais:\u00a0https:\/\/horadopovo.com.br\/camara-aprova-projeto-que-visa-dar-trabalho-e-moradia-para-a-populacao-em-situacao-de-rua\/<\/p>\n<p>Foto: tirada da reportagem.<\/p>\n","protected":false},"excerpt":{"rendered":"<p>A C\u00e2mara dos Deputados aprovou, na quarta-feira (4), o Projeto de Lei da Pol\u00edtica Nacional de Trabalho Digno e Cidadania para Popula\u00e7\u00e3o em Situa\u00e7\u00e3o de [&hellip;] <span class=\"read-more-link\"><a class=\"read-more\" href=\"https:\/\/rehabitare.direito.ufmg.br\/?p=3792\">Read More<\/a><\/span><\/p>\n","protected":false},"author":1,"featured_media":3793,"comment_status":"open","ping_status":"open","sticky":false,"template":"","format":"standard","meta":{"footnotes":""},"categories":[7],"tags":[201,140,183,248,167],"class_list":["post-3792","post","type-post","status-publish","format-standard","has-post-thumbnail","hentry","category-noticias","tag-direito-a-moradia","tag-moradia-social","tag-politica-habitacional","tag-politica-publica","tag-sem-teto"],"_links":{"self":[{"href":"https:\/\/rehabitare.direito.ufmg.br\/index.php?rest_route=\/wp\/v2\/posts\/3792"}],"collection":[{"href":"https:\/\/rehabitare.direito.ufmg.br\/index.php?rest_route=\/wp\/v2\/posts"}],"about":[{"href":"https:\/\/rehabitare.direito.ufmg.br\/index.php?rest_route=\/wp\/v2\/types\/post"}],"author":[{"embeddable":true,"href":"https:\/\/rehabitare.direito.ufmg.br\/index.php?rest_route=\/wp\/v2\/users\/1"}],"replies":[{"embeddable":true,"href":"https:\/\/rehabitare.direito.ufmg.br\/index.php?rest_route=%2Fwp%2Fv2%2Fcomments&post=3792"}],"version-history":[{"count":1,"href":"https:\/\/rehabitare.direito.ufmg.br\/index.php?rest_route=\/wp\/v2\/posts\/3792\/revisions"}],"predecessor-version":[{"id":3794,"href":"https:\/\/rehabitare.direito.ufmg.br\/index.php?rest_route=\/wp\/v2\/posts\/3792\/revisions\/3794"}],"wp:featuredmedia":[{"embeddable":true,"href":"https:\/\/rehabitare.direito.ufmg.br\/index.php?rest_route=\/wp\/v2\/media\/3793"}],"wp:attachment":[{"href":"https:\/\/rehabitare.direito.ufmg.br\/index.php?rest_route=%2Fwp%2Fv2%2Fmedia&parent=3792"}],"wp:term":[{"taxonomy":"category","embeddable":true,"href":"https:\/\/rehabitare.direito.ufmg.br\/index.php?rest_route=%2Fwp%2Fv2%2Fcategories&post=3792"},{"taxonomy":"post_tag","embeddable":true,"href":"https:\/\/rehabitare.direito.ufmg.br\/index.php?rest_route=%2Fwp%2Fv2%2Ftags&post=3792"}],"curies":[{"name":"wp","href":"https:\/\/api.w.org\/{rel}","templated":true}]}}