{"id":3873,"date":"2023-11-01T13:06:57","date_gmt":"2023-11-01T16:06:57","guid":{"rendered":"https:\/\/rehabitare.direito.ufmg.br\/?p=3873"},"modified":"2023-11-02T23:12:35","modified_gmt":"2023-11-03T02:12:35","slug":"gentrificacao-avanca-por-cidades-da-america-latina","status":"publish","type":"post","link":"https:\/\/rehabitare.direito.ufmg.br\/?p=3873","title":{"rendered":"Gentrifica\u00e7\u00e3o avan\u00e7a por cidades da Am\u00e9rica Latina"},"content":{"rendered":"<p>A alta dos pre\u00e7os dos alugu\u00e9is e o desaparecimento de com\u00e9rcios locais s\u00e3o problemas conhecidos em cidades da Europa e dos Estados Unidos como resultado da chamada\u00a0gentrifica\u00e7\u00e3o. Esse processo de valoriza\u00e7\u00e3o de \u00e1reas urbanas come\u00e7ou recentemente a ser tamb\u00e9m observado na Am\u00e9rica Latina, onde plataformas como Airbnb e os n\u00f4mades digitais entraram na mira das popula\u00e7\u00f5es locais e das autoridades, gerando de protestos a cobran\u00e7as por restri\u00e7\u00f5es.<\/p>\n<p>Segundo o economista Bram Gallagher da plataforma AirDNA, que monitora o quadro dos alojamentos tempor\u00e1rios ao redor do mundo, as cidades da Am\u00e9rica Latina t\u00eam visto um aumento na oferta de alugu\u00e9is de curto prazo nos \u00faltimos anos. No caso de S\u00e3o Paulo, por exemplo, a demanda por estadias curtas avan\u00e7ou 27% entre agosto de 2022 e o mesmo m\u00eas de 2023.<\/p>\n<p>Em seu balan\u00e7o mais recente, a Airbnb destacou a Am\u00e9rica Latina como a regi\u00e3o com o maior crescimento na demanda pelos servi\u00e7os da empresa ap\u00f3s a pandemia. A companhia aponta o Brasil como um dos mercados menos explorados, apesar de avan\u00e7os recentes. No segundo trimestre de 2023, houve um aumento de 110% nas reservas em territ\u00f3rio brasileiro quando comparado com igual per\u00edodo de 2019.<\/p>\n<p>&#8220;Esses mercados eram relativamente subdesenvolvidos do ponto de vista do aluguel de curto prazo antes da pandemia: em mar\u00e7o de 2020, S\u00e3o Paulo tinha apenas 12.700 an\u00fancios dispon\u00edveis \u2013 enquanto isso, uma cidade menor como Paris tinha mais de 31.000, e Nova York chegou a 31.300&#8221;, afirma o Gallagher. Hoje, S\u00e3o Paulo j\u00e1 conta com 20.235 an\u00fancios. J\u00e1 o Rio de Janeiro tem atualmente 22.775, liderando a disponibilidade na regi\u00e3o.<\/p>\n<p>Para Raquel Rolnik, professora da Faculdade de Urbanismo e Arquitetura da Universidade de S\u00e3o Paulo (FAU-USP), este tipo de atividade tem um enorme impacto nos im\u00f3veis, e influencia justamente no mercado de aluguel de maior dura\u00e7\u00e3o, o que vem sendo observado no M\u00e9xico e em Medell\u00edn. &#8220;Est\u00e1 ajudando a destruir o mercado residencial de mais longo prazo. O efeito disso \u00e9 aumentar tremendamente o valor do aluguel das unidades&#8221;, avalia a especialista, que tamb\u00e9m foi relatora especial para Moradia Adequada da Organiza\u00e7\u00e3o das Na\u00e7\u00f5es Unidas (ONU).<\/p>\n<p>Diante deste quadro, Rolnik lembra que uma s\u00e9rie de cidades no mundo assumiram regula\u00e7\u00f5es para o setor. &#8220;\u00c9 muito importante que as medidas sejam definidas para preservar um estoque de aluguel para os moradores das cidades&#8221;, avalia. Barcelona, Paris, Amsterd\u00e3, Lisboa e S\u00e3o Francisco est\u00e3o entre os locais que impuseram restri\u00e7\u00f5es a esse tipo de neg\u00f3cio.<\/p>\n<p>Fonte: <a href=\"https:\/\/www.dw.com\/pt-br\/gentrifica%C3%A7%C3%A3o-avan%C3%A7a-por-cidades-da-am%C3%A9rica-latina\/a-67131340\" target=\"_blank\" rel=\"noopener\">DW &#8211; Made for Minds<\/a><\/p>\n<p>Foto: retirada da reportagem.<\/p>\n","protected":false},"excerpt":{"rendered":"<p>A alta dos pre\u00e7os dos alugu\u00e9is e o desaparecimento de com\u00e9rcios locais s\u00e3o problemas conhecidos em cidades da Europa e dos Estados Unidos como resultado [&hellip;] <span class=\"read-more-link\"><a class=\"read-more\" href=\"https:\/\/rehabitare.direito.ufmg.br\/?p=3873\">Read More<\/a><\/span><\/p>\n","protected":false},"author":1,"featured_media":3874,"comment_status":"open","ping_status":"open","sticky":false,"template":"","format":"standard","meta":{"footnotes":""},"categories":[7],"tags":[13,139,201,154,174],"class_list":["post-3873","post","type-post","status-publish","format-standard","has-post-thumbnail","hentry","category-noticias","tag-cidades","tag-crise-habitacional","tag-direito-a-moradia","tag-gentrificacao","tag-moradia"],"_links":{"self":[{"href":"https:\/\/rehabitare.direito.ufmg.br\/index.php?rest_route=\/wp\/v2\/posts\/3873"}],"collection":[{"href":"https:\/\/rehabitare.direito.ufmg.br\/index.php?rest_route=\/wp\/v2\/posts"}],"about":[{"href":"https:\/\/rehabitare.direito.ufmg.br\/index.php?rest_route=\/wp\/v2\/types\/post"}],"author":[{"embeddable":true,"href":"https:\/\/rehabitare.direito.ufmg.br\/index.php?rest_route=\/wp\/v2\/users\/1"}],"replies":[{"embeddable":true,"href":"https:\/\/rehabitare.direito.ufmg.br\/index.php?rest_route=%2Fwp%2Fv2%2Fcomments&post=3873"}],"version-history":[{"count":2,"href":"https:\/\/rehabitare.direito.ufmg.br\/index.php?rest_route=\/wp\/v2\/posts\/3873\/revisions"}],"predecessor-version":[{"id":3877,"href":"https:\/\/rehabitare.direito.ufmg.br\/index.php?rest_route=\/wp\/v2\/posts\/3873\/revisions\/3877"}],"wp:featuredmedia":[{"embeddable":true,"href":"https:\/\/rehabitare.direito.ufmg.br\/index.php?rest_route=\/wp\/v2\/media\/3874"}],"wp:attachment":[{"href":"https:\/\/rehabitare.direito.ufmg.br\/index.php?rest_route=%2Fwp%2Fv2%2Fmedia&parent=3873"}],"wp:term":[{"taxonomy":"category","embeddable":true,"href":"https:\/\/rehabitare.direito.ufmg.br\/index.php?rest_route=%2Fwp%2Fv2%2Fcategories&post=3873"},{"taxonomy":"post_tag","embeddable":true,"href":"https:\/\/rehabitare.direito.ufmg.br\/index.php?rest_route=%2Fwp%2Fv2%2Ftags&post=3873"}],"curies":[{"name":"wp","href":"https:\/\/api.w.org\/{rel}","templated":true}]}}