{"id":3881,"date":"2023-11-06T21:55:51","date_gmt":"2023-11-07T00:55:51","guid":{"rendered":"https:\/\/rehabitare.direito.ufmg.br\/?p=3881"},"modified":"2023-11-06T21:55:51","modified_gmt":"2023-11-07T00:55:51","slug":"todos-querem-tirar-pessoas-da-rua-desde-que-fiquem-longe-diz-secretario","status":"publish","type":"post","link":"https:\/\/rehabitare.direito.ufmg.br\/?p=3881","title":{"rendered":"Todos querem tirar pessoas da rua, desde que fiquem longe,\u00a0diz\u00a0secret\u00e1rio"},"content":{"rendered":"<p>A Vila Reencontro, programa de moradias transit\u00f3rias para fam\u00edlias em situa\u00e7\u00e3o de rua em S\u00e3o Paulo, vem sendo alvo de ataques, protestos e desinforma\u00e7\u00e3o nas \u00faltimas semanas. \u00c9 o que afirmou \u00e0 coluna Carlos Bezerra J\u00fanior, secret\u00e1rio municipal de Assist\u00eancia e Desenvolvimento Social. &#8220;Todo mundo quer tirar as pessoas da rua, desde que n\u00e3o morem perto de sua casa&#8221;, lamentou.<\/p>\n<p>Por exemplo, o canteiro de obras de uma unidade em Itaquera, zona leste da capital, foi pichado com termos como &#8220;Fora albergue&#8221; e &#8220;Cracol\u00e2ndia aqui n\u00e3o&#8221;. Materiais de constru\u00e7\u00e3o foram quebrados, ferramentas roubadas e tapumes arrancados.<\/p>\n<p>Enquanto isso, no Jabaquara, na zona sul, moradores bloquearam a avenida Engenheiro Armando de Arruda Pereira para protestar contra a implementa\u00e7\u00e3o de uma unidade na regi\u00e3o. Temem, segundo eles, que o local se torne uma &#8220;nova cracol\u00e2ndia&#8221; com a chegada das fam\u00edlias.<\/p>\n<p>&#8220;Quando desenhamos a pol\u00edtica p\u00fablica, sab\u00edamos que entre os fatores de dificuldade estavam entraves burocr\u00e1ticos, quest\u00f5es pol\u00edticas locais, problemas para encontrar terrenos, mas nunca imaginamos que o maior obst\u00e1culo seria o preconceito&#8221;, afirma Bezerra.<\/p>\n<p>A quest\u00e3o aqui n\u00e3o \u00e9 se este \u00e9 um bom ou um mau programa, mas os argumentos que v\u00eam sendo usado por alguns grupos para critica-lo.<\/p>\n<p>Ver mais:\u00a0https:\/\/noticias.uol.com.br\/colunas\/leonardo-sakamoto\/2023\/10\/28\/todos-querem-tirar-pessoas-da-rua-desde-que-fiquem-longedizsecretario.htm<\/p>\n<p>Foto: retirada da reportagem.<\/p>\n","protected":false},"excerpt":{"rendered":"<p>A Vila Reencontro, programa de moradias transit\u00f3rias para fam\u00edlias em situa\u00e7\u00e3o de rua em S\u00e3o Paulo, vem sendo alvo de ataques, protestos e desinforma\u00e7\u00e3o nas [&hellip;] <span class=\"read-more-link\"><a class=\"read-more\" href=\"https:\/\/rehabitare.direito.ufmg.br\/?p=3881\">Read More<\/a><\/span><\/p>\n","protected":false},"author":1,"featured_media":3882,"comment_status":"open","ping_status":"open","sticky":false,"template":"","format":"standard","meta":{"footnotes":""},"categories":[7],"tags":[202,201,140,251,167],"class_list":["post-3881","post","type-post","status-publish","format-standard","has-post-thumbnail","hentry","category-noticias","tag-desigualdade","tag-direito-a-moradia","tag-moradia-social","tag-preconceito","tag-sem-teto"],"_links":{"self":[{"href":"https:\/\/rehabitare.direito.ufmg.br\/index.php?rest_route=\/wp\/v2\/posts\/3881"}],"collection":[{"href":"https:\/\/rehabitare.direito.ufmg.br\/index.php?rest_route=\/wp\/v2\/posts"}],"about":[{"href":"https:\/\/rehabitare.direito.ufmg.br\/index.php?rest_route=\/wp\/v2\/types\/post"}],"author":[{"embeddable":true,"href":"https:\/\/rehabitare.direito.ufmg.br\/index.php?rest_route=\/wp\/v2\/users\/1"}],"replies":[{"embeddable":true,"href":"https:\/\/rehabitare.direito.ufmg.br\/index.php?rest_route=%2Fwp%2Fv2%2Fcomments&post=3881"}],"version-history":[{"count":2,"href":"https:\/\/rehabitare.direito.ufmg.br\/index.php?rest_route=\/wp\/v2\/posts\/3881\/revisions"}],"predecessor-version":[{"id":3887,"href":"https:\/\/rehabitare.direito.ufmg.br\/index.php?rest_route=\/wp\/v2\/posts\/3881\/revisions\/3887"}],"wp:featuredmedia":[{"embeddable":true,"href":"https:\/\/rehabitare.direito.ufmg.br\/index.php?rest_route=\/wp\/v2\/media\/3882"}],"wp:attachment":[{"href":"https:\/\/rehabitare.direito.ufmg.br\/index.php?rest_route=%2Fwp%2Fv2%2Fmedia&parent=3881"}],"wp:term":[{"taxonomy":"category","embeddable":true,"href":"https:\/\/rehabitare.direito.ufmg.br\/index.php?rest_route=%2Fwp%2Fv2%2Fcategories&post=3881"},{"taxonomy":"post_tag","embeddable":true,"href":"https:\/\/rehabitare.direito.ufmg.br\/index.php?rest_route=%2Fwp%2Fv2%2Ftags&post=3881"}],"curies":[{"name":"wp","href":"https:\/\/api.w.org\/{rel}","templated":true}]}}