{"id":3922,"date":"2023-11-16T14:16:22","date_gmt":"2023-11-16T17:16:22","guid":{"rendered":"https:\/\/rehabitare.direito.ufmg.br\/?p=3922"},"modified":"2023-11-16T14:21:52","modified_gmt":"2023-11-16T17:21:52","slug":"ii-seminario-sobre-parcelamento-do-solo-reurb-e-habitacao","status":"publish","type":"post","link":"https:\/\/rehabitare.direito.ufmg.br\/?p=3922","title":{"rendered":"II SEMIN\u00c1RIO SOBRE PARCELAMENTO DO SOLO, REURB E HABITA\u00c7\u00c3O"},"content":{"rendered":"<p>Nos dias 20\/11 e 21\/11 ser\u00e1 realizado o \u201cII SEMIN\u00c1RIO SOBRE PARCELAMENTO DO SOLO, REURB E HABITA\u00c7\u00c3O\u201d na Escola Institucional do MPMG.<\/p>\n<p>No dia 20\/11 \u00e0s 11h15, o Prof. Daniel Gaio (Coordenador do RE-HABITARE) far\u00e1 uma palestra sobre \u201cRemo\u00e7\u00f5es for\u00e7adas realizadas pelo poder p\u00fablico e as viola\u00e7\u00f5es ao direito \u00e0 moradia\u201d. O evento ser\u00e1 transmitido pelo YouTube da Escola Institucional.<\/p>\n<p>Confira a programa\u00e7\u00e3o abaixo:<\/p>\n<p><a href=\"https:\/\/rehabitare.direito.ufmg.br\/wp-content\/uploads\/2023\/11\/II-Semin\u00e1rio-sobre-Parcelamento-do-Solo-Reurb-e-Moradia_page-0001-1-1.png\"><img fetchpriority=\"high\" decoding=\"async\" class=\"alignnone wp-image-3926\" src=\"https:\/\/rehabitare.direito.ufmg.br\/wp-content\/uploads\/2023\/11\/II-Semin\u00e1rio-sobre-Parcelamento-do-Solo-Reurb-e-Moradia_page-0001-1-1-238x300.png\" alt=\"\" width=\"395\" height=\"498\" srcset=\"https:\/\/rehabitare.direito.ufmg.br\/wp-content\/uploads\/2023\/11\/II-Semin\u00e1rio-sobre-Parcelamento-do-Solo-Reurb-e-Moradia_page-0001-1-1-238x300.png 238w, https:\/\/rehabitare.direito.ufmg.br\/wp-content\/uploads\/2023\/11\/II-Semin\u00e1rio-sobre-Parcelamento-do-Solo-Reurb-e-Moradia_page-0001-1-1.png 738w\" sizes=\"(max-width: 395px) 100vw, 395px\" \/><\/a><\/p>\n<p>Link para o evento:\u00a0<a href=\"https:\/\/www.mpmg.mp.br\/portal\/menu\/comunicacao\/eventos-programas-e-acoes\/seminario-abordara-temas-importantes-sobre-questoes-referentes-a-habitacao-e-ao-urbanismo.shtml\">https:\/\/www.mpmg.mp.br\/portal\/menu\/comunicacao\/eventos-programas-e-acoes\/seminario-abordara-temas-importantes-sobre-questoes-referentes-a-habitacao-e-ao-urbanismo.shtml<\/a><\/p>\n","protected":false},"excerpt":{"rendered":"<p>Nos dias 20\/11 e 21\/11 ser\u00e1 realizado o \u201cII SEMIN\u00c1RIO SOBRE PARCELAMENTO DO SOLO, REURB E HABITA\u00c7\u00c3O\u201d na Escola Institucional do MPMG. No dia 20\/11 [&hellip;] <span class=\"read-more-link\"><a class=\"read-more\" href=\"https:\/\/rehabitare.direito.ufmg.br\/?p=3922\">Read More<\/a><\/span><\/p>\n","protected":false},"author":1,"featured_media":3925,"comment_status":"open","ping_status":"open","sticky":false,"template":"","format":"standard","meta":{"footnotes":""},"categories":[249],"tags":[13,202,165,201,14,178,174,9,144],"class_list":["post-3922","post","type-post","status-publish","format-standard","has-post-thumbnail","hentry","category-indicacao","tag-cidades","tag-desigualdade","tag-despejo","tag-direito-a-moradia","tag-habitacao","tag-ministerio-publico","tag-moradia","tag-moradia-adequada","tag-remocoes-forcadas"],"_links":{"self":[{"href":"https:\/\/rehabitare.direito.ufmg.br\/index.php?rest_route=\/wp\/v2\/posts\/3922"}],"collection":[{"href":"https:\/\/rehabitare.direito.ufmg.br\/index.php?rest_route=\/wp\/v2\/posts"}],"about":[{"href":"https:\/\/rehabitare.direito.ufmg.br\/index.php?rest_route=\/wp\/v2\/types\/post"}],"author":[{"embeddable":true,"href":"https:\/\/rehabitare.direito.ufmg.br\/index.php?rest_route=\/wp\/v2\/users\/1"}],"replies":[{"embeddable":true,"href":"https:\/\/rehabitare.direito.ufmg.br\/index.php?rest_route=%2Fwp%2Fv2%2Fcomments&post=3922"}],"version-history":[{"count":4,"href":"https:\/\/rehabitare.direito.ufmg.br\/index.php?rest_route=\/wp\/v2\/posts\/3922\/revisions"}],"predecessor-version":[{"id":3929,"href":"https:\/\/rehabitare.direito.ufmg.br\/index.php?rest_route=\/wp\/v2\/posts\/3922\/revisions\/3929"}],"wp:featuredmedia":[{"embeddable":true,"href":"https:\/\/rehabitare.direito.ufmg.br\/index.php?rest_route=\/wp\/v2\/media\/3925"}],"wp:attachment":[{"href":"https:\/\/rehabitare.direito.ufmg.br\/index.php?rest_route=%2Fwp%2Fv2%2Fmedia&parent=3922"}],"wp:term":[{"taxonomy":"category","embeddable":true,"href":"https:\/\/rehabitare.direito.ufmg.br\/index.php?rest_route=%2Fwp%2Fv2%2Fcategories&post=3922"},{"taxonomy":"post_tag","embeddable":true,"href":"https:\/\/rehabitare.direito.ufmg.br\/index.php?rest_route=%2Fwp%2Fv2%2Ftags&post=3922"}],"curies":[{"name":"wp","href":"https:\/\/api.w.org\/{rel}","templated":true}]}}