{"id":3930,"date":"2023-11-20T15:00:39","date_gmt":"2023-11-20T18:00:39","guid":{"rendered":"https:\/\/rehabitare.direito.ufmg.br\/?p=3930"},"modified":"2023-11-21T09:20:26","modified_gmt":"2023-11-21T12:20:26","slug":"estudo-mostra-que-46-das-casas-no-brasil-tem-problemas-de-saneamento","status":"publish","type":"post","link":"https:\/\/rehabitare.direito.ufmg.br\/?p=3930","title":{"rendered":"Estudo mostra que 46% das casas no Brasil t\u00eam problemas de saneamento"},"content":{"rendered":"<p>Pesquisa divulgada nesta quinta-feira, 16, mostra que 46,2% das moradias brasileiras t\u00eam algum tipo de priva\u00e7\u00e3o no saneamento. Segundo o levantamento, do total de 74 milh\u00f5es de moradias, 8,9 milh\u00f5es n\u00e3o possuem acesso \u00e0 rede geral de \u00e1gua; 16,8 milh\u00f5es contam com uma frequ\u00eancia insuficiente de recebimento; 10,8 milh\u00f5es n\u00e3o possuem reservat\u00f3rio de \u00e1gua; 1,3 milh\u00e3o n\u00e3o possuem banheiro; e 22,8 milh\u00f5es n\u00e3o contam com coleta de esgoto.<\/p>\n<p>O estudo, produzido pelo Instituto Trata Brasil, foi feito baseado em dados da Pesquisa Nacional por Amostra de Domic\u00edlios Continuada Anual (PNADCA), produzida pelo Instituto Brasileiro de Geografia e Estat\u00edstica (IBGE), de 2022.<\/p>\n<p>Considerando os cinco tipos de priva\u00e7\u00f5es analisadas (acesso \u00e0 rede geral, frequ\u00eancia insuficiente de recebimento de \u00e1gua, falta de reservat\u00f3rio, aus\u00eancia de banheiro, e falta de coleta de esgoto), o estudo mostra que 53,8% dos domic\u00edlios brasileiros n\u00e3o t\u00eam nenhuma priva\u00e7\u00e3o; 25,2% tem uma; 9,9%, duas; 9,3%, tr\u00eas; 1,4%, quatro; e 0,4%, cinco priva\u00e7\u00f5es.<\/p>\n<p>\u201cA falta de \u00e1gua tratada ou a exposi\u00e7\u00e3o ambiental ao esgoto, problemas decorrentes da priva\u00e7\u00e3o de saneamento, interferem decisivamente na incid\u00eancia de doen\u00e7as com consequ\u00eancias para a sa\u00fade das crian\u00e7as, jovens e adultos\u201d, destaca o texto do estudo.<\/p>\n<p>Fonte:\u00a0https:\/\/exame.com\/brasil\/estudo-mostra-que-46-das-casas-no-brasil-tem-problemas-de-saneamento\/<\/p>\n<p>Foto: retirada da reportagem.<\/p>\n","protected":false},"excerpt":{"rendered":"<p>Pesquisa divulgada nesta quinta-feira, 16, mostra que 46,2% das moradias brasileiras t\u00eam algum tipo de priva\u00e7\u00e3o no saneamento. Segundo o levantamento, do total de 74 [&hellip;] <span class=\"read-more-link\"><a class=\"read-more\" href=\"https:\/\/rehabitare.direito.ufmg.br\/?p=3930\">Read More<\/a><\/span><\/p>\n","protected":false},"author":1,"featured_media":3932,"comment_status":"open","ping_status":"open","sticky":false,"template":"","format":"standard","meta":{"footnotes":""},"categories":[7],"tags":[202,9,169],"class_list":["post-3930","post","type-post","status-publish","format-standard","has-post-thumbnail","hentry","category-noticias","tag-desigualdade","tag-moradia-adequada","tag-saneamento-basico"],"_links":{"self":[{"href":"https:\/\/rehabitare.direito.ufmg.br\/index.php?rest_route=\/wp\/v2\/posts\/3930"}],"collection":[{"href":"https:\/\/rehabitare.direito.ufmg.br\/index.php?rest_route=\/wp\/v2\/posts"}],"about":[{"href":"https:\/\/rehabitare.direito.ufmg.br\/index.php?rest_route=\/wp\/v2\/types\/post"}],"author":[{"embeddable":true,"href":"https:\/\/rehabitare.direito.ufmg.br\/index.php?rest_route=\/wp\/v2\/users\/1"}],"replies":[{"embeddable":true,"href":"https:\/\/rehabitare.direito.ufmg.br\/index.php?rest_route=%2Fwp%2Fv2%2Fcomments&post=3930"}],"version-history":[{"count":1,"href":"https:\/\/rehabitare.direito.ufmg.br\/index.php?rest_route=\/wp\/v2\/posts\/3930\/revisions"}],"predecessor-version":[{"id":3933,"href":"https:\/\/rehabitare.direito.ufmg.br\/index.php?rest_route=\/wp\/v2\/posts\/3930\/revisions\/3933"}],"wp:featuredmedia":[{"embeddable":true,"href":"https:\/\/rehabitare.direito.ufmg.br\/index.php?rest_route=\/wp\/v2\/media\/3932"}],"wp:attachment":[{"href":"https:\/\/rehabitare.direito.ufmg.br\/index.php?rest_route=%2Fwp%2Fv2%2Fmedia&parent=3930"}],"wp:term":[{"taxonomy":"category","embeddable":true,"href":"https:\/\/rehabitare.direito.ufmg.br\/index.php?rest_route=%2Fwp%2Fv2%2Fcategories&post=3930"},{"taxonomy":"post_tag","embeddable":true,"href":"https:\/\/rehabitare.direito.ufmg.br\/index.php?rest_route=%2Fwp%2Fv2%2Ftags&post=3930"}],"curies":[{"name":"wp","href":"https:\/\/api.w.org\/{rel}","templated":true}]}}