{"id":3934,"date":"2023-11-22T12:05:27","date_gmt":"2023-11-22T15:05:27","guid":{"rendered":"https:\/\/rehabitare.direito.ufmg.br\/?p=3934"},"modified":"2023-11-22T12:05:27","modified_gmt":"2023-11-22T15:05:27","slug":"uniao-libera-r-195-milhoes-para-moradias-de-afetados-pela-enchente-no-rio-grande-do-sul","status":"publish","type":"post","link":"https:\/\/rehabitare.direito.ufmg.br\/?p=3934","title":{"rendered":"Uni\u00e3o libera R$ 195 milh\u00f5es para moradias de afetados pela enchente no Rio Grande do Sul"},"content":{"rendered":"<p>O governo federal publicou, nesta sexta-feira, Medida Provis\u00f3ria (MP) que abre cr\u00e9dito extraordin\u00e1rio de R$ 195 milh\u00f5es para a constru\u00e7\u00e3o de novas casas para moradores afetados pelas enchentes que atingiram o Rio Grande do Sul.<\/p>\n<p>A verba \u00e9 destinada para a constru\u00e7\u00e3o de 1,5 mil unidades habitacionais com valor m\u00e9dio de R$ 130 mil. Do valor total, R$ 150 milh\u00f5es ser\u00e3o aplicados na a\u00e7\u00e3o de integraliza\u00e7\u00e3o de cotas do Fundo de Arrendamento Residencial (FAR). Outros R$ 45 milh\u00f5es para a Subven\u00e7\u00e3o Econ\u00f4mica destinada \u00e0 Implementa\u00e7\u00e3o de Projetos de Interesse Social em \u00c1reas Rurais, com o objetivo de atender as v\u00edtimas do desastre natural que atingiu munic\u00edpios ga\u00fachos.<\/p>\n<p>\u201cO governo Lula est\u00e1 trabalhando sem parar para garantir a reconstru\u00e7\u00e3o da regi\u00e3o ap\u00f3s os tr\u00e1gicos temporais. Esta etapa vai garantir R$ 195 milh\u00f5es para a constru\u00e7\u00e3o de 1,5 mil casas para os moradores que perderam seu lar. Estamos atuando com muita for\u00e7a para garantir a retomada da dignidade dos nossos ga\u00fachos\u201d, disse o ministro da Secretaria de Comunica\u00e7\u00e3o da Presid\u00eancia, Paulo Pimenta.<\/p>\n<p>Nesta sexta-feira, foi publicado ainda decreto assinado por Lula que visa fortalecer e aprimorar a resposta a desastres e situa\u00e7\u00f5es de emerg\u00eancia. Al\u00e9m de ampliar o foco de prote\u00e7\u00e3o em caso de desastres e situa\u00e7\u00f5es de emerg\u00eancia \u00e0s camadas mais vulner\u00e1veis da sociedade, o decreto tem como novidade o atendimento de animais dom\u00e9sticos e silvestres em situa\u00e7\u00f5es de riscos e desastres, medida voltada a evitar a morte e deslocamento de esp\u00e9cies.<\/p>\n<p>Fonte:\u00a0https:\/\/www.correiodopovo.com.br\/colunistas\/taline-oppitz\/uni%C3%A3o-libera-r-195-milh%C3%B5es-para-moradias-de-afetados-pela-enchente-no-rio-grande-do-sul-1.1417190<\/p>\n<p>Foto: retirada da reportagem.<\/p>\n","protected":false},"excerpt":{"rendered":"<p>O governo federal publicou, nesta sexta-feira, Medida Provis\u00f3ria (MP) que abre cr\u00e9dito extraordin\u00e1rio de R$ 195 milh\u00f5es para a constru\u00e7\u00e3o de novas casas para moradores [&hellip;] <span class=\"read-more-link\"><a class=\"read-more\" href=\"https:\/\/rehabitare.direito.ufmg.br\/?p=3934\">Read More<\/a><\/span><\/p>\n","protected":false},"author":1,"featured_media":3935,"comment_status":"open","ping_status":"open","sticky":false,"template":"","format":"standard","meta":{"footnotes":""},"categories":[7],"tags":[252,201,174,9,140],"class_list":["post-3934","post","type-post","status-publish","format-standard","has-post-thumbnail","hentry","category-noticias","tag-decreto","tag-direito-a-moradia","tag-moradia","tag-moradia-adequada","tag-moradia-social"],"_links":{"self":[{"href":"https:\/\/rehabitare.direito.ufmg.br\/index.php?rest_route=\/wp\/v2\/posts\/3934"}],"collection":[{"href":"https:\/\/rehabitare.direito.ufmg.br\/index.php?rest_route=\/wp\/v2\/posts"}],"about":[{"href":"https:\/\/rehabitare.direito.ufmg.br\/index.php?rest_route=\/wp\/v2\/types\/post"}],"author":[{"embeddable":true,"href":"https:\/\/rehabitare.direito.ufmg.br\/index.php?rest_route=\/wp\/v2\/users\/1"}],"replies":[{"embeddable":true,"href":"https:\/\/rehabitare.direito.ufmg.br\/index.php?rest_route=%2Fwp%2Fv2%2Fcomments&post=3934"}],"version-history":[{"count":1,"href":"https:\/\/rehabitare.direito.ufmg.br\/index.php?rest_route=\/wp\/v2\/posts\/3934\/revisions"}],"predecessor-version":[{"id":3936,"href":"https:\/\/rehabitare.direito.ufmg.br\/index.php?rest_route=\/wp\/v2\/posts\/3934\/revisions\/3936"}],"wp:featuredmedia":[{"embeddable":true,"href":"https:\/\/rehabitare.direito.ufmg.br\/index.php?rest_route=\/wp\/v2\/media\/3935"}],"wp:attachment":[{"href":"https:\/\/rehabitare.direito.ufmg.br\/index.php?rest_route=%2Fwp%2Fv2%2Fmedia&parent=3934"}],"wp:term":[{"taxonomy":"category","embeddable":true,"href":"https:\/\/rehabitare.direito.ufmg.br\/index.php?rest_route=%2Fwp%2Fv2%2Fcategories&post=3934"},{"taxonomy":"post_tag","embeddable":true,"href":"https:\/\/rehabitare.direito.ufmg.br\/index.php?rest_route=%2Fwp%2Fv2%2Ftags&post=3934"}],"curies":[{"name":"wp","href":"https:\/\/api.w.org\/{rel}","templated":true}]}}