{"id":3939,"date":"2023-11-27T12:31:49","date_gmt":"2023-11-27T15:31:49","guid":{"rendered":"https:\/\/rehabitare.direito.ufmg.br\/?p=3939"},"modified":"2023-11-27T12:31:49","modified_gmt":"2023-11-27T15:31:49","slug":"seminario-sobre-habitacao-e-urbanismo-e-aberto-com-palestras-sobre-direito-a-moradia-regulacao-fundiaria-sustentavel-e-remocoes-forcadas","status":"publish","type":"post","link":"https:\/\/rehabitare.direito.ufmg.br\/?p=3939","title":{"rendered":"Semin\u00e1rio sobre habita\u00e7\u00e3o e urbanismo \u00e9 aberto com palestras sobre direito \u00e0 moradia, regula\u00e7\u00e3o fundi\u00e1ria sustent\u00e1vel e remo\u00e7\u00f5es for\u00e7adas"},"content":{"rendered":"<p>No dia 20 de novembro de 2023, o Prof. Daniel Gaio (Professor de Direito Urban\u00edstico e de Direito Ambiental da UFMG, Coordenador do Projeto de Pesquisa e Extens\u00e3o RE-HABITARE) participou do 2\u00ba Semin\u00e1rio sobre parcelamento do solo, Reurb e habita\u00e7\u00e3o. O evento foi organizado pelo Centro de Estudos e Aperfei\u00e7oamento Funcional (Ceaf) do MPMG.<\/p>\n<p>O Prof. Daniel Gaio falou sobre o tema: &#8220;Remo\u00e7\u00f5es For\u00e7adas realizadas pelo Poder P\u00fablico e as viola\u00e7\u00f5es ao direito \u00e0 moradia&#8221;.<\/p>\n<p>Segundo o professor, nas \u00faltimas d\u00e9cadas houve um acentuado aumento das remo\u00e7\u00f5es for\u00e7adas nas cidades, provocando perdas sociais e econ\u00f4micas, que prejudicam as popula\u00e7\u00f5es pobres. &#8220;Essa situa\u00e7\u00e3o prejudica as rela\u00e7\u00f5es de pertencimento na comunidade ou na escola, prejudica o acesso a equipamentos e servi\u00e7os p\u00fablicos com melhor qualidade, gera danos econ\u00f4micos que derivam das rela\u00e7\u00f5es de vizinhan\u00e7a e da proximidade com o local de trabalho, como o com\u00e9rcio (fixo ou ambulante) e \u00e0s presta\u00e7\u00f5es de servi\u00e7o&#8221;.<\/p>\n<p>Conforme Gaio, &#8220;remo\u00e7\u00f5es for\u00e7adas constituem grave viola\u00e7\u00e3o aos direitos humanos, caso n\u00e3o seja assegurado o direito \u00e0 moradia adequada. \u00c9 direito do morador questionar as informa\u00e7\u00f5es e decis\u00f5es do poder p\u00fablico. Antes da remo\u00e7\u00e3o, deve ser permitido ao morador o acesso a todas as informa\u00e7\u00f5es: a justificativa pela remo\u00e7\u00e3o, o cronograma e as prioridades para a remo\u00e7\u00e3o, as condi\u00e7\u00f5es para o reassentamento a indeniza\u00e7\u00e3o. Todas essas informa\u00e7\u00f5es devem ser disponibilizadas em linguagem acess\u00edvel e com tempo adequado&#8221;.<\/p>\n<p>Para ver a grava\u00e7\u00e3o da palestra acesse:\u00a0<a href=\"https:\/\/www.youtube.com\/watch?v=ZNDoeIQoRJ0&amp;ab_channel=CentrodeEstudoseAperfei%C3%A7oamentoFuncional\">https:\/\/www.youtube.com\/watch?v=ZNDoeIQoRJ0&amp;ab_channel=CentrodeEstudoseAperfei%C3%A7oamentoFuncional<\/a><\/p>\n<p>Fonte: MPMG<\/p>\n","protected":false},"excerpt":{"rendered":"<p>No dia 20 de novembro de 2023, o Prof. Daniel Gaio (Professor de Direito Urban\u00edstico e de Direito Ambiental da UFMG, Coordenador do Projeto de [&hellip;] <span class=\"read-more-link\"><a class=\"read-more\" href=\"https:\/\/rehabitare.direito.ufmg.br\/?p=3939\">Read More<\/a><\/span><\/p>\n","protected":false},"author":1,"featured_media":3940,"comment_status":"open","ping_status":"open","sticky":false,"template":"","format":"standard","meta":{"footnotes":""},"categories":[7],"tags":[178,174,9,183,170,144],"class_list":["post-3939","post","type-post","status-publish","format-standard","has-post-thumbnail","hentry","category-noticias","tag-ministerio-publico","tag-moradia","tag-moradia-adequada","tag-politica-habitacional","tag-remocao","tag-remocoes-forcadas"],"_links":{"self":[{"href":"https:\/\/rehabitare.direito.ufmg.br\/index.php?rest_route=\/wp\/v2\/posts\/3939"}],"collection":[{"href":"https:\/\/rehabitare.direito.ufmg.br\/index.php?rest_route=\/wp\/v2\/posts"}],"about":[{"href":"https:\/\/rehabitare.direito.ufmg.br\/index.php?rest_route=\/wp\/v2\/types\/post"}],"author":[{"embeddable":true,"href":"https:\/\/rehabitare.direito.ufmg.br\/index.php?rest_route=\/wp\/v2\/users\/1"}],"replies":[{"embeddable":true,"href":"https:\/\/rehabitare.direito.ufmg.br\/index.php?rest_route=%2Fwp%2Fv2%2Fcomments&post=3939"}],"version-history":[{"count":1,"href":"https:\/\/rehabitare.direito.ufmg.br\/index.php?rest_route=\/wp\/v2\/posts\/3939\/revisions"}],"predecessor-version":[{"id":3941,"href":"https:\/\/rehabitare.direito.ufmg.br\/index.php?rest_route=\/wp\/v2\/posts\/3939\/revisions\/3941"}],"wp:featuredmedia":[{"embeddable":true,"href":"https:\/\/rehabitare.direito.ufmg.br\/index.php?rest_route=\/wp\/v2\/media\/3940"}],"wp:attachment":[{"href":"https:\/\/rehabitare.direito.ufmg.br\/index.php?rest_route=%2Fwp%2Fv2%2Fmedia&parent=3939"}],"wp:term":[{"taxonomy":"category","embeddable":true,"href":"https:\/\/rehabitare.direito.ufmg.br\/index.php?rest_route=%2Fwp%2Fv2%2Fcategories&post=3939"},{"taxonomy":"post_tag","embeddable":true,"href":"https:\/\/rehabitare.direito.ufmg.br\/index.php?rest_route=%2Fwp%2Fv2%2Ftags&post=3939"}],"curies":[{"name":"wp","href":"https:\/\/api.w.org\/{rel}","templated":true}]}}