{"id":3951,"date":"2023-12-06T14:25:58","date_gmt":"2023-12-06T17:25:58","guid":{"rendered":"https:\/\/rehabitare.direito.ufmg.br\/?p=3951"},"modified":"2023-12-06T14:25:58","modified_gmt":"2023-12-06T17:25:58","slug":"apos-atuacao-da-defensoria-liminar-restabelece-caminho-entre-bairros-de-sao-jose-do-barreiro","status":"publish","type":"post","link":"https:\/\/rehabitare.direito.ufmg.br\/?p=3951","title":{"rendered":"Ap\u00f3s atua\u00e7\u00e3o da Defensoria, liminar restabelece caminho entre bairros de S\u00e3o Jos\u00e9 do Barreiro"},"content":{"rendered":"<p>A Defensoria P\u00fablica de SP obteve uma decis\u00e3o judicial que ordena a libera\u00e7\u00e3o de um caminho utilizado h\u00e1 mais de 50 anos por moradores do munic\u00edpio de S\u00e3o Jos\u00e9 do Barreiro. A via \u00e9 a mais r\u00e1pida na interliga\u00e7\u00e3o dos bairros da Olaria, Roseira e da On\u00e7a.<\/p>\n<p>De acordo com relatos de moradores, o caso teve in\u00edcio quando o dono de uma propriedade rural bloqueou a estrada utilizada pela comunidade. A a\u00e7\u00e3o ocorreu ap\u00f3s incidentes durante o segundo turno das \u00faltimas elei\u00e7\u00f5es, que culminaram no fechamento completo da passagem pelo propriet\u00e1rio.<\/p>\n<p>A falta de acesso \u00e0 via impactou a mobilidade dos moradores entre os bairros, causando um aumento significativo no tempo de deslocamento. Al\u00e9m disso, a interrup\u00e7\u00e3o prejudicou o acesso a estabelecimentos comerciais, atendimentos de sa\u00fade, conv\u00edvio familiar, atividades religiosas e ao exerc\u00edcio da cidadania, uma vez que a \u00fanica se\u00e7\u00e3o eleitoral que atende aos tr\u00eas bairros est\u00e1 localizada no Bairro da On\u00e7a.<\/p>\n<p>Na decis\u00e3o liminar, a ju\u00edza Luciene Belan Ferreira Allemand, da Vara \u00danica de Bananal, reconheceu que o bloqueio impede o exerc\u00edcio pleno do direito constitucional. \u201cH\u00e1 tamb\u00e9m perigo de dano, considerando que pessoas idosas, crian\u00e7as, indiv\u00edduos com mobilidade reduzida e transeuntes em geral, podem estar sendo privados de exercer plenamente o seu direito de livre circula\u00e7\u00e3o entre as mencionadas localidades, comprometendo-se suas atividades cotidianas e atendimentos emergenciais.\u201d<\/p>\n<p>Ela determinou o imediato desbloqueio do caminho e a realiza\u00e7\u00e3o de manuten\u00e7\u00e3o emergencial por parte da Prefeitura de S\u00e3o Jos\u00e9 do Barreiro.<\/p>\n<p>Fonte:\u00a0<a href=\"https:\/\/www.defensoria.sp.def.br\/noticias\/-\/noticia\/4972367\">https:\/\/www.defensoria.sp.def.br\/noticias\/-\/noticia\/4972367<\/a><\/p>\n<p>Foto: retirada da reportagem.<\/p>\n","protected":false},"excerpt":{"rendered":"<p>A Defensoria P\u00fablica de SP obteve uma decis\u00e3o judicial que ordena a libera\u00e7\u00e3o de um caminho utilizado h\u00e1 mais de 50 anos por moradores do [&hellip;] <span class=\"read-more-link\"><a class=\"read-more\" href=\"https:\/\/rehabitare.direito.ufmg.br\/?p=3951\">Read More<\/a><\/span><\/p>\n","protected":false},"author":1,"featured_media":3957,"comment_status":"open","ping_status":"open","sticky":false,"template":"","format":"standard","meta":{"footnotes":""},"categories":[7],"tags":[201,150,257,248,258],"class_list":["post-3951","post","type-post","status-publish","format-standard","has-post-thumbnail","hentry","category-noticias","tag-direito-a-moradia","tag-habitar-a-cidade","tag-mobilidade","tag-politica-publica","tag-violacao-de-direitos"],"_links":{"self":[{"href":"https:\/\/rehabitare.direito.ufmg.br\/index.php?rest_route=\/wp\/v2\/posts\/3951"}],"collection":[{"href":"https:\/\/rehabitare.direito.ufmg.br\/index.php?rest_route=\/wp\/v2\/posts"}],"about":[{"href":"https:\/\/rehabitare.direito.ufmg.br\/index.php?rest_route=\/wp\/v2\/types\/post"}],"author":[{"embeddable":true,"href":"https:\/\/rehabitare.direito.ufmg.br\/index.php?rest_route=\/wp\/v2\/users\/1"}],"replies":[{"embeddable":true,"href":"https:\/\/rehabitare.direito.ufmg.br\/index.php?rest_route=%2Fwp%2Fv2%2Fcomments&post=3951"}],"version-history":[{"count":1,"href":"https:\/\/rehabitare.direito.ufmg.br\/index.php?rest_route=\/wp\/v2\/posts\/3951\/revisions"}],"predecessor-version":[{"id":3952,"href":"https:\/\/rehabitare.direito.ufmg.br\/index.php?rest_route=\/wp\/v2\/posts\/3951\/revisions\/3952"}],"wp:featuredmedia":[{"embeddable":true,"href":"https:\/\/rehabitare.direito.ufmg.br\/index.php?rest_route=\/wp\/v2\/media\/3957"}],"wp:attachment":[{"href":"https:\/\/rehabitare.direito.ufmg.br\/index.php?rest_route=%2Fwp%2Fv2%2Fmedia&parent=3951"}],"wp:term":[{"taxonomy":"category","embeddable":true,"href":"https:\/\/rehabitare.direito.ufmg.br\/index.php?rest_route=%2Fwp%2Fv2%2Fcategories&post=3951"},{"taxonomy":"post_tag","embeddable":true,"href":"https:\/\/rehabitare.direito.ufmg.br\/index.php?rest_route=%2Fwp%2Fv2%2Ftags&post=3951"}],"curies":[{"name":"wp","href":"https:\/\/api.w.org\/{rel}","templated":true}]}}