{"id":3958,"date":"2023-12-11T16:00:23","date_gmt":"2023-12-11T19:00:23","guid":{"rendered":"https:\/\/rehabitare.direito.ufmg.br\/?p=3958"},"modified":"2023-12-11T16:00:40","modified_gmt":"2023-12-11T19:00:40","slug":"moradores-protestam-por-realocacao-em-bairro-proximo-a-mina-em-maceio","status":"publish","type":"post","link":"https:\/\/rehabitare.direito.ufmg.br\/?p=3958","title":{"rendered":"Moradores protestam por realoca\u00e7\u00e3o em bairro pr\u00f3ximo a mina em Macei\u00f3"},"content":{"rendered":"<p>Moradores de bairros pr\u00f3ximos \u00e0 mina da petroqu\u00edmica Braskem em Macei\u00f3 (AL) fizeram um protesto nesta sexta-feira (1\u00ba) para reclamar da falta de acordo de compensa\u00e7\u00e3o para sair dos locais que podem ser afetados pelo poss\u00edvel afundamento da mina de explora\u00e7\u00e3o de sal-gema. Eles fecharam todas as vias de acesso ao bairro de Bebedouro.<img decoding=\"async\" src=\"https:\/\/agenciabrasil.ebc.com.br\/ebc.png?id=1569971&amp;o=node\" \/><img decoding=\"async\" src=\"https:\/\/agenciabrasil.ebc.com.br\/ebc.gif?id=1569971&amp;o=node\" \/><\/p>\n<p>As comunidades dos Flexais, onde vivem cerca de 3 mil pessoas,\u00a0est\u00e3o ilhadas socialmente ap\u00f3s o deslocamento de cinco bairros vizinhos desde\u00a02019. S\u00f3 \u00e9 poss\u00edvel acess\u00e1-las\u00a0passando pelas regi\u00f5es que se transformaram em &#8220;bairros fantasmas&#8221; ap\u00f3s o desalojamento da popula\u00e7\u00e3o.<\/p>\n<p>O l\u00edder comunit\u00e1rio Maur\u00edcio Sarmento reclama que n\u00e3o h\u00e1 um plano para a retirada dos moradores das comunidades de Flexal de Cima e Flexal de Baixo. Segundo ele, h\u00e1 tratamento diferenciado por parte da prefeitura e da Braskem em rela\u00e7\u00e3o a outros bairros da cidade afetados pela mina, onde j\u00e1 houve a retirada de moradores e pagamento de indeniza\u00e7\u00f5es.<\/p>\n<p>\u201cTemos que sair daqui, n\u00e3o pode ter tratamento diferenciado com outras \u00e1reas que j\u00e1 est\u00e3o afetadas. N\u00e3o aceitamos ir para abrigos p\u00fablicos, pois o que aconteceu aqui n\u00e3o foi um acidente, foi um crime. Queremos sair daqui com dignidade e com indeniza\u00e7\u00e3o justa\u201d, diz Sarmento. Ele classifica a situa\u00e7\u00e3o como\u00a0racismo ambiental\u00a0com as comunidades afetadas.<\/p>\n<p>Fonte:\u00a0<a href=\"https:\/\/agenciabrasil.ebc.com.br\/geral\/noticia\/2023-12\/moradores-protestam-por-realocacao-em-bairro-proximo-mina-em-maceio\">https:\/\/agenciabrasil.ebc.com.br\/geral\/noticia\/2023-12\/moradores-protestam-por-realocacao-em-bairro-proximo-mina-em-maceio<\/a><\/p>\n<p>Foto: retirada da reportagem.<\/p>\n","protected":false},"excerpt":{"rendered":"<p>Moradores de bairros pr\u00f3ximos \u00e0 mina da petroqu\u00edmica Braskem em Macei\u00f3 (AL) fizeram um protesto nesta sexta-feira (1\u00ba) para reclamar da falta de acordo de [&hellip;] <span class=\"read-more-link\"><a class=\"read-more\" href=\"https:\/\/rehabitare.direito.ufmg.br\/?p=3958\">Read More<\/a><\/span><\/p>\n","protected":false},"author":1,"featured_media":3959,"comment_status":"open","ping_status":"open","sticky":false,"template":"","format":"standard","meta":{"footnotes":""},"categories":[7],"tags":[201,240,253,170,258],"class_list":["post-3958","post","type-post","status-publish","format-standard","has-post-thumbnail","hentry","category-noticias","tag-direito-a-moradia","tag-direitos-humanos","tag-racismo-ambiental","tag-remocao","tag-violacao-de-direitos"],"_links":{"self":[{"href":"https:\/\/rehabitare.direito.ufmg.br\/index.php?rest_route=\/wp\/v2\/posts\/3958"}],"collection":[{"href":"https:\/\/rehabitare.direito.ufmg.br\/index.php?rest_route=\/wp\/v2\/posts"}],"about":[{"href":"https:\/\/rehabitare.direito.ufmg.br\/index.php?rest_route=\/wp\/v2\/types\/post"}],"author":[{"embeddable":true,"href":"https:\/\/rehabitare.direito.ufmg.br\/index.php?rest_route=\/wp\/v2\/users\/1"}],"replies":[{"embeddable":true,"href":"https:\/\/rehabitare.direito.ufmg.br\/index.php?rest_route=%2Fwp%2Fv2%2Fcomments&post=3958"}],"version-history":[{"count":1,"href":"https:\/\/rehabitare.direito.ufmg.br\/index.php?rest_route=\/wp\/v2\/posts\/3958\/revisions"}],"predecessor-version":[{"id":3960,"href":"https:\/\/rehabitare.direito.ufmg.br\/index.php?rest_route=\/wp\/v2\/posts\/3958\/revisions\/3960"}],"wp:featuredmedia":[{"embeddable":true,"href":"https:\/\/rehabitare.direito.ufmg.br\/index.php?rest_route=\/wp\/v2\/media\/3959"}],"wp:attachment":[{"href":"https:\/\/rehabitare.direito.ufmg.br\/index.php?rest_route=%2Fwp%2Fv2%2Fmedia&parent=3958"}],"wp:term":[{"taxonomy":"category","embeddable":true,"href":"https:\/\/rehabitare.direito.ufmg.br\/index.php?rest_route=%2Fwp%2Fv2%2Fcategories&post=3958"},{"taxonomy":"post_tag","embeddable":true,"href":"https:\/\/rehabitare.direito.ufmg.br\/index.php?rest_route=%2Fwp%2Fv2%2Ftags&post=3958"}],"curies":[{"name":"wp","href":"https:\/\/api.w.org\/{rel}","templated":true}]}}