{"id":3961,"date":"2023-12-13T19:01:38","date_gmt":"2023-12-13T22:01:38","guid":{"rendered":"https:\/\/rehabitare.direito.ufmg.br\/?p=3961"},"modified":"2023-12-13T19:01:38","modified_gmt":"2023-12-13T22:01:38","slug":"familias-em-ocupacao-de-umuarama-nao-serao-mais-despejadas","status":"publish","type":"post","link":"https:\/\/rehabitare.direito.ufmg.br\/?p=3961","title":{"rendered":"Fam\u00edlias em ocupa\u00e7\u00e3o de Umuarama n\u00e3o ser\u00e3o mais despejadas"},"content":{"rendered":"<p class=\"page-title\">A 17\u00aa C\u00e2mara C\u00edvel do Tribunal de Justi\u00e7a do Paran\u00e1 (TJPR) determinou, nesta sexta-feira (01), a suspens\u00e3o de uma reintegra\u00e7\u00e3o de posse em uma ocupa\u00e7\u00e3o irregular em Umuarama ap\u00f3s atua\u00e7\u00e3o da Defensoria P\u00fablica do Estado do Paran\u00e1 (DPE-PR). O ju\u00edzo acatou os argumentos da institui\u00e7\u00e3o, que defendeu a anula\u00e7\u00e3o de uma ordem de despejo no im\u00f3vel diante da falta de uma intima\u00e7\u00e3o pr\u00e9via enviada \u00e0 DPE-PR. A decis\u00e3o estabelece que a suspens\u00e3o da reintegra\u00e7\u00e3o de posse s\u00f3 poder\u00e1 ser discutida novamente depois de uma avalia\u00e7\u00e3o da Comiss\u00e3o de Conflitos Fundi\u00e1rios do TJPR.<\/p>\n<div class=\"field field--name-field-texto field--type-text-long field--label-hidden field--item\">\n<p>Em casos de ocupa\u00e7\u00e3o coletiva, a Defensoria P\u00fablica precisa ser notificada sobre a situa\u00e7\u00e3o antes da realiza\u00e7\u00e3o do despejo. A visita da comiss\u00e3o, da qual a DPE-PR faz parte, est\u00e1 agendada para janeiro. A decis\u00e3o destaca que a avalia\u00e7\u00e3o do grupo permitir\u00e1 entender as condi\u00e7\u00f5es do local e das fam\u00edlias. A reintegra\u00e7\u00e3o de posse j\u00e1 havia sido cumprida parcialmente na \u00faltima sexta-feira (22). Ao todo, 14 moradores(as) residem em tr\u00eas casas constru\u00eddas no terreno.<\/p>\n<p>O defensor p\u00fablico e coordenador do N\u00facleo Itinerante das Quest\u00f5es Fundi\u00e1rias e Urban\u00edsticas (NUFURB),\u00a0<strong>Jo\u00e3o Victor Longhi<\/strong>, ressaltou a import\u00e2ncia de garantir que os(as) ocupantes(as) n\u00e3o fiquem desabrigados(as), principalmente por estarem em condi\u00e7\u00e3o de vulnerabilidade social. A ocupa\u00e7\u00e3o inclui crian\u00e7as, um idoso e uma pessoa com defici\u00eancia. \u201cN\u00f3s vamos continuar acompanhando o caso para buscar garantir que o Poder P\u00fablico, por meio da concilia\u00e7\u00e3o, ofere\u00e7a uma solu\u00e7\u00e3o digna \u00e0s fam\u00edlias\u201d, afirma Longhi.<\/p>\n<p>Fonte:\u00a0<a href=\"https:\/\/portalumuaramanews.com.br\/2023\/12\/01\/familias-em-ocupacao-de-umuarama-nao-serao-mais-despejadas\/\">https:\/\/portalumuaramanews.com.br\/2023\/12\/01\/familias-em-ocupacao-de-umuarama-nao-serao-mais-despejadas\/<\/a><\/p>\n<p>Foto: retirada da reportagem.<\/p>\n<\/div>\n","protected":false},"excerpt":{"rendered":"<p>A 17\u00aa C\u00e2mara C\u00edvel do Tribunal de Justi\u00e7a do Paran\u00e1 (TJPR) determinou, nesta sexta-feira (01), a suspens\u00e3o de uma reintegra\u00e7\u00e3o de posse em uma ocupa\u00e7\u00e3o [&hellip;] <span class=\"read-more-link\"><a class=\"read-more\" href=\"https:\/\/rehabitare.direito.ufmg.br\/?p=3961\">Read More<\/a><\/span><\/p>\n","protected":false},"author":1,"featured_media":3962,"comment_status":"open","ping_status":"open","sticky":false,"template":"","format":"standard","meta":{"footnotes":""},"categories":[7],"tags":[165,201,174,9,8],"class_list":["post-3961","post","type-post","status-publish","format-standard","has-post-thumbnail","hentry","category-noticias","tag-despejo","tag-direito-a-moradia","tag-moradia","tag-moradia-adequada","tag-suspensao-de-despejo"],"_links":{"self":[{"href":"https:\/\/rehabitare.direito.ufmg.br\/index.php?rest_route=\/wp\/v2\/posts\/3961"}],"collection":[{"href":"https:\/\/rehabitare.direito.ufmg.br\/index.php?rest_route=\/wp\/v2\/posts"}],"about":[{"href":"https:\/\/rehabitare.direito.ufmg.br\/index.php?rest_route=\/wp\/v2\/types\/post"}],"author":[{"embeddable":true,"href":"https:\/\/rehabitare.direito.ufmg.br\/index.php?rest_route=\/wp\/v2\/users\/1"}],"replies":[{"embeddable":true,"href":"https:\/\/rehabitare.direito.ufmg.br\/index.php?rest_route=%2Fwp%2Fv2%2Fcomments&post=3961"}],"version-history":[{"count":1,"href":"https:\/\/rehabitare.direito.ufmg.br\/index.php?rest_route=\/wp\/v2\/posts\/3961\/revisions"}],"predecessor-version":[{"id":3963,"href":"https:\/\/rehabitare.direito.ufmg.br\/index.php?rest_route=\/wp\/v2\/posts\/3961\/revisions\/3963"}],"wp:featuredmedia":[{"embeddable":true,"href":"https:\/\/rehabitare.direito.ufmg.br\/index.php?rest_route=\/wp\/v2\/media\/3962"}],"wp:attachment":[{"href":"https:\/\/rehabitare.direito.ufmg.br\/index.php?rest_route=%2Fwp%2Fv2%2Fmedia&parent=3961"}],"wp:term":[{"taxonomy":"category","embeddable":true,"href":"https:\/\/rehabitare.direito.ufmg.br\/index.php?rest_route=%2Fwp%2Fv2%2Fcategories&post=3961"},{"taxonomy":"post_tag","embeddable":true,"href":"https:\/\/rehabitare.direito.ufmg.br\/index.php?rest_route=%2Fwp%2Fv2%2Ftags&post=3961"}],"curies":[{"name":"wp","href":"https:\/\/api.w.org\/{rel}","templated":true}]}}