{"id":3964,"date":"2023-12-15T12:02:29","date_gmt":"2023-12-15T15:02:29","guid":{"rendered":"https:\/\/rehabitare.direito.ufmg.br\/?p=3964"},"modified":"2023-12-15T12:03:03","modified_gmt":"2023-12-15T15:03:03","slug":"justica-suspende-tramitacao-de-revisao-da-lei-de-zoneamento-projeto-foi-apresentado-pela-camara-de-sp-nesta-segunda","status":"publish","type":"post","link":"https:\/\/rehabitare.direito.ufmg.br\/?p=3964","title":{"rendered":"Justi\u00e7a suspende tramita\u00e7\u00e3o de revis\u00e3o da Lei de Zoneamento; projeto foi apresentado pela C\u00e2mara de SP nesta segunda"},"content":{"rendered":"<div class=\"row content-head mc-column non-featured \">\n<div class=\"medium-centered subtitle\">\n<p class=\"content-head__subtitle\">Texto apresentado pelo legislativo estabelecia novos limites para que quarteir\u00f5es inteiros tenham pr\u00e9dios mais altos e definia regras de prote\u00e7\u00e3o a vilas. Decis\u00e3o desta ter\u00e7a (5) foi baseada na falta de participa\u00e7\u00e3o popular no processo. Cabe recurso.<\/p>\n<\/div>\n<\/div>\n<div class=\"content__signa-share mc-column\">\n<div class=\"content__signature\">\n<div class=\"content-publication-data\">\n<div class=\"content-publication-data__text\">\n<div id=\"chunk-1cdkc\">\n<div class=\"mc-column content-text active-extra-styles \" data-block-type=\"unstyled\" data-block-weight=\"35\" data-block-id=\"2\">\n<p class=\" content-text__container \" data-track-category=\"Link no Texto\" data-track-links=\"\">Em decis\u00e3o liminar, a Justi\u00e7a de S\u00e3o Paulo suspendeu nesta ter\u00e7a-feira (5) a tramita\u00e7\u00e3o do projeto de revis\u00e3o da Lei de Uso e Ocupa\u00e7\u00e3o do Solo, apresentado pela C\u00e2mara Municipal na segunda (4).\u00a0<span class=\"highlight highlighted\">Cabe recurso<\/span>.<\/p>\n<\/div>\n<\/div>\n<div class=\"wall protected-content\">\n<div id=\"chunk-740ad\">\n<div class=\"mc-column content-text active-extra-styles \" data-block-type=\"unstyled\" data-block-weight=\"44\" data-block-id=\"4\">\n<p class=\" content-text__container \" data-track-category=\"Link no Texto\" data-track-links=\"\">A medida da ju\u00edza Larissa Kruger Vatzco, da 12\u00aa Vara de Fazenda P\u00fablica, se baseou na identifica\u00e7\u00e3o de v\u00edcios na elabora\u00e7\u00e3o do projeto, como falta de transpar\u00eancia, publicidade e efetiva participa\u00e7\u00e3o popular, e na convoca\u00e7\u00e3o de audi\u00eancias p\u00fablicas com poucos dias de anteced\u00eancia.<\/p>\n<\/div>\n<\/div>\n<div id=\"chunk-7f529\">\n<div class=\"mc-column content-text active-extra-styles \" data-block-type=\"unstyled\" data-block-weight=\"52\" data-block-id=\"5\">\n<p class=\" content-text__container \" data-track-category=\"Link no Texto\" data-track-links=\"\">Como condi\u00e7\u00e3o para a retomada dos tr\u00e2mites legais do projeto, a magistrada determinou ainda que o Legislativo municipal realize ao menos\u00a0<span class=\"highlight highlighted\">uma audi\u00eancia p\u00fablica para cada uma das 32 subprefeituras da capital<\/span>, convocadas com no m\u00ednimo 10 dias de anteced\u00eancia, al\u00e9m de fornecer toda a documenta\u00e7\u00e3o necess\u00e1ria para a compreens\u00e3o do texto.<\/p>\n<p data-track-category=\"Link no Texto\" data-track-links=\"\">Fonte:\u00a0<a href=\"https:\/\/g1.globo.com\/sp\/sao-paulo\/noticia\/2023\/12\/05\/justica-suspende-tramitacao-de-revisao-da-lei-de-zoneamento-projeto-foi-apresentado-pela-camara-de-sp-nesta-segunda.ghtml\">https:\/\/g1.globo.com\/sp\/sao-paulo\/noticia\/2023\/12\/05\/justica-suspende-tramitacao-de-revisao-da-lei-de-zoneamento-projeto-foi-apresentado-pela-camara-de-sp-nesta-segunda.ghtml<\/a><\/p>\n<\/div>\n<p data-track-category=\"Link no Texto\" data-track-links=\"\">Foto: retirada da reportagem<\/p>\n<\/div>\n<\/div>\n<\/div>\n<\/div>\n<\/div>\n<\/div>\n","protected":false},"excerpt":{"rendered":"<p>Texto apresentado pelo legislativo estabelecia novos limites para que quarteir\u00f5es inteiros tenham pr\u00e9dios mais altos e definia regras de prote\u00e7\u00e3o a vilas. Decis\u00e3o desta ter\u00e7a [&hellip;] <span class=\"read-more-link\"><a class=\"read-more\" href=\"https:\/\/rehabitare.direito.ufmg.br\/?p=3964\">Read More<\/a><\/span><\/p>\n","protected":false},"author":1,"featured_media":3965,"comment_status":"open","ping_status":"open","sticky":false,"template":"","format":"standard","meta":{"footnotes":""},"categories":[7],"tags":[201,150,178,248,218],"class_list":["post-3964","post","type-post","status-publish","format-standard","has-post-thumbnail","hentry","category-noticias","tag-direito-a-moradia","tag-habitar-a-cidade","tag-ministerio-publico","tag-politica-publica","tag-sao-paulo"],"_links":{"self":[{"href":"https:\/\/rehabitare.direito.ufmg.br\/index.php?rest_route=\/wp\/v2\/posts\/3964"}],"collection":[{"href":"https:\/\/rehabitare.direito.ufmg.br\/index.php?rest_route=\/wp\/v2\/posts"}],"about":[{"href":"https:\/\/rehabitare.direito.ufmg.br\/index.php?rest_route=\/wp\/v2\/types\/post"}],"author":[{"embeddable":true,"href":"https:\/\/rehabitare.direito.ufmg.br\/index.php?rest_route=\/wp\/v2\/users\/1"}],"replies":[{"embeddable":true,"href":"https:\/\/rehabitare.direito.ufmg.br\/index.php?rest_route=%2Fwp%2Fv2%2Fcomments&post=3964"}],"version-history":[{"count":1,"href":"https:\/\/rehabitare.direito.ufmg.br\/index.php?rest_route=\/wp\/v2\/posts\/3964\/revisions"}],"predecessor-version":[{"id":3966,"href":"https:\/\/rehabitare.direito.ufmg.br\/index.php?rest_route=\/wp\/v2\/posts\/3964\/revisions\/3966"}],"wp:featuredmedia":[{"embeddable":true,"href":"https:\/\/rehabitare.direito.ufmg.br\/index.php?rest_route=\/wp\/v2\/media\/3965"}],"wp:attachment":[{"href":"https:\/\/rehabitare.direito.ufmg.br\/index.php?rest_route=%2Fwp%2Fv2%2Fmedia&parent=3964"}],"wp:term":[{"taxonomy":"category","embeddable":true,"href":"https:\/\/rehabitare.direito.ufmg.br\/index.php?rest_route=%2Fwp%2Fv2%2Fcategories&post=3964"},{"taxonomy":"post_tag","embeddable":true,"href":"https:\/\/rehabitare.direito.ufmg.br\/index.php?rest_route=%2Fwp%2Fv2%2Ftags&post=3964"}],"curies":[{"name":"wp","href":"https:\/\/api.w.org\/{rel}","templated":true}]}}