{"id":3980,"date":"2024-01-08T19:45:30","date_gmt":"2024-01-08T22:45:30","guid":{"rendered":"https:\/\/rehabitare.direito.ufmg.br\/?p=3980"},"modified":"2024-01-08T19:45:30","modified_gmt":"2024-01-08T22:45:30","slug":"a-cidade-que-declarou-guerra-a-quem-luta-contra-a-fome-e-a-falta-de-moradia","status":"publish","type":"post","link":"https:\/\/rehabitare.direito.ufmg.br\/?p=3980","title":{"rendered":"A cidade que declarou guerra a quem luta contra a fome e a falta de moradia"},"content":{"rendered":"<p>O que dizer da iniciativa do vereador Rubinho Nunes (Uni\u00e3o-SP), um dos fundadores do MBL, de declarar guerra ao trabalho do padre Julio Lancellotti, que todos os dias levanta da cama para confortar quem tem fome, frio, sede e carece de um lar? O que dizer da c\u00e2mara municipal que avaliza essa insanidade? O que dizer das pessoas que d\u00e3o os ombros para os ataques sofridos pelo padre Julio, boa parte deles movida por filiados ao MBL, esse clube de garotos mimados fazendo cosplay de pol\u00edtico a servi\u00e7o da extrema-direita no Brasil e alinhado aos m\u00e9todos &#8211; e ao trabalho pela reelei\u00e7\u00e3o &#8211; do atual prefeito de S\u00e3o Paulo?<\/p>\n<p>Uma cidade que declara guerra a quem acolhe os vulner\u00e1veis n\u00e3o \u00e9 uma cidade, \u00e9 um dos c\u00edrculos do inferno. Um inferno que cria pessoas em situa\u00e7\u00e3o de rua atrav\u00e9s da falta de pol\u00edticas sociais, de oportunidade e da privatiza\u00e7\u00e3o de todas as coisas para em seguida culp\u00e1-los pela situa\u00e7\u00e3o em que vivem e trat\u00e1-los como corpos mat\u00e1veis, descart\u00e1veis, pis\u00e1veis.<\/p>\n<p>Fonte:\u00a0<a href=\"https:\/\/www.uol.com.br\/esporte\/newsletters\/novos-posts\/milly-lacombe\/2024\/01\/03\/a-cidade-que-declarou-guerra-a-quem-luta-contra-a-fome-e-a-falta-de-moradia.htm\">https:\/\/www.uol.com.br\/esporte\/newsletters\/novos-posts\/milly-lacombe\/2024\/01\/03\/a-cidade-que-declarou-guerra-a-quem-luta-contra-a-fome-e-a-falta-de-moradia.htm<\/a><\/p>\n<p>Foto: Folha de S\u00e3o Paulo<\/p>\n","protected":false},"excerpt":{"rendered":"<p>O que dizer da iniciativa do vereador Rubinho Nunes (Uni\u00e3o-SP), um dos fundadores do MBL, de declarar guerra ao trabalho do padre Julio Lancellotti, que [&hellip;] <span class=\"read-more-link\"><a class=\"read-more\" href=\"https:\/\/rehabitare.direito.ufmg.br\/?p=3980\">Read More<\/a><\/span><\/p>\n","protected":false},"author":1,"featured_media":3981,"comment_status":"open","ping_status":"open","sticky":false,"template":"","format":"standard","meta":{"footnotes":""},"categories":[7],"tags":[13,202,201,174],"class_list":["post-3980","post","type-post","status-publish","format-standard","has-post-thumbnail","hentry","category-noticias","tag-cidades","tag-desigualdade","tag-direito-a-moradia","tag-moradia"],"_links":{"self":[{"href":"https:\/\/rehabitare.direito.ufmg.br\/index.php?rest_route=\/wp\/v2\/posts\/3980"}],"collection":[{"href":"https:\/\/rehabitare.direito.ufmg.br\/index.php?rest_route=\/wp\/v2\/posts"}],"about":[{"href":"https:\/\/rehabitare.direito.ufmg.br\/index.php?rest_route=\/wp\/v2\/types\/post"}],"author":[{"embeddable":true,"href":"https:\/\/rehabitare.direito.ufmg.br\/index.php?rest_route=\/wp\/v2\/users\/1"}],"replies":[{"embeddable":true,"href":"https:\/\/rehabitare.direito.ufmg.br\/index.php?rest_route=%2Fwp%2Fv2%2Fcomments&post=3980"}],"version-history":[{"count":1,"href":"https:\/\/rehabitare.direito.ufmg.br\/index.php?rest_route=\/wp\/v2\/posts\/3980\/revisions"}],"predecessor-version":[{"id":3982,"href":"https:\/\/rehabitare.direito.ufmg.br\/index.php?rest_route=\/wp\/v2\/posts\/3980\/revisions\/3982"}],"wp:featuredmedia":[{"embeddable":true,"href":"https:\/\/rehabitare.direito.ufmg.br\/index.php?rest_route=\/wp\/v2\/media\/3981"}],"wp:attachment":[{"href":"https:\/\/rehabitare.direito.ufmg.br\/index.php?rest_route=%2Fwp%2Fv2%2Fmedia&parent=3980"}],"wp:term":[{"taxonomy":"category","embeddable":true,"href":"https:\/\/rehabitare.direito.ufmg.br\/index.php?rest_route=%2Fwp%2Fv2%2Fcategories&post=3980"},{"taxonomy":"post_tag","embeddable":true,"href":"https:\/\/rehabitare.direito.ufmg.br\/index.php?rest_route=%2Fwp%2Fv2%2Ftags&post=3980"}],"curies":[{"name":"wp","href":"https:\/\/api.w.org\/{rel}","templated":true}]}}