{"id":3983,"date":"2024-01-10T11:55:53","date_gmt":"2024-01-10T14:55:53","guid":{"rendered":"https:\/\/rehabitare.direito.ufmg.br\/?p=3983"},"modified":"2024-01-10T11:55:53","modified_gmt":"2024-01-10T14:55:53","slug":"mp-e-defensoria-pedem-indenizacao-para-vitimas-de-tragedia-em-sao-sebastiao","status":"publish","type":"post","link":"https:\/\/rehabitare.direito.ufmg.br\/?p=3983","title":{"rendered":"MP e Defensoria pedem indeniza\u00e7\u00e3o para v\u00edtimas de trag\u00e9dia em S\u00e3o Sebasti\u00e3o"},"content":{"rendered":"<p>A Promotoria de Justi\u00e7a e a Defensoria P\u00fablica entraram com uma a\u00e7\u00e3o civil p\u00fablica contra a cidade de S\u00e3o Sebasti\u00e3o.<\/p>\n<p>O processo pede indeniza\u00e7\u00f5es para as v\u00edtimas das fortes chuvas que atingiram a cidade, deixando 64 mortos em fevereiro deste ano.<\/p>\n<p>O promotor Val\u00e9rio Moreira e o defensor Filovalter Moreira dos Santos Junior, defendem que a prefeitura municipal seja condenada a pagar R$ 20 milh\u00f5es devido a dano moral coletivo e R$ 10 milh\u00f5es referente a dano social. Os valores, seriam revertidos aos Fundo Municipal de Regulariza\u00e7\u00e3o Fundi\u00e1rias.<\/p>\n<p>Al\u00e9m disso, foi solicitado tamb\u00e9m o pagamento de 400 sal\u00e1rios m\u00ednimos para os entes de cada pessoa que morreu em meio aos deslizamentos e inunda\u00e7\u00f5es, de R$ 10 mil a cada fam\u00edlia desalojada ou desabrigada e mais R$ 10.905 a t\u00edtulo de indeniza\u00e7\u00e3o material.<\/p>\n<p>A a\u00e7\u00e3o argumenta ainda que a administra\u00e7\u00e3o municipal j\u00e1 sabia que a popula\u00e7\u00e3o de baixa renda vivia em \u00e1reas de risco, mas mesmo assim, n\u00e3o investiu na ordena\u00e7\u00e3o do solo e regulariza\u00e7\u00e3o fundi\u00e1ria, ou interveio para que os cidad\u00e3os n\u00e3o ficassem expostos a trag\u00e9dias clim\u00e1ticas.<\/p>\n<p>Fonte:\u00a0https:\/\/spriomais.com.br\/2023\/12\/26\/mp-e-defensoria-pedem-indenizacao-para-vitimas-de-tragedia-em-sao-sebastiao\/<\/p>\n<p>Foto: retirada da reportagem.<\/p>\n","protected":false},"excerpt":{"rendered":"<p>A Promotoria de Justi\u00e7a e a Defensoria P\u00fablica entraram com uma a\u00e7\u00e3o civil p\u00fablica contra a cidade de S\u00e3o Sebasti\u00e3o. O processo pede indeniza\u00e7\u00f5es para [&hellip;] <span class=\"read-more-link\"><a class=\"read-more\" href=\"https:\/\/rehabitare.direito.ufmg.br\/?p=3983\">Read More<\/a><\/span><\/p>\n","protected":false},"author":1,"featured_media":3984,"comment_status":"open","ping_status":"open","sticky":false,"template":"","format":"standard","meta":{"footnotes":""},"categories":[7],"tags":[209,201,174,9,189],"class_list":["post-3983","post","type-post","status-publish","format-standard","has-post-thumbnail","hentry","category-noticias","tag-chuvas","tag-direito-a-moradia","tag-moradia","tag-moradia-adequada","tag-moradia-popular"],"_links":{"self":[{"href":"https:\/\/rehabitare.direito.ufmg.br\/index.php?rest_route=\/wp\/v2\/posts\/3983"}],"collection":[{"href":"https:\/\/rehabitare.direito.ufmg.br\/index.php?rest_route=\/wp\/v2\/posts"}],"about":[{"href":"https:\/\/rehabitare.direito.ufmg.br\/index.php?rest_route=\/wp\/v2\/types\/post"}],"author":[{"embeddable":true,"href":"https:\/\/rehabitare.direito.ufmg.br\/index.php?rest_route=\/wp\/v2\/users\/1"}],"replies":[{"embeddable":true,"href":"https:\/\/rehabitare.direito.ufmg.br\/index.php?rest_route=%2Fwp%2Fv2%2Fcomments&post=3983"}],"version-history":[{"count":1,"href":"https:\/\/rehabitare.direito.ufmg.br\/index.php?rest_route=\/wp\/v2\/posts\/3983\/revisions"}],"predecessor-version":[{"id":3985,"href":"https:\/\/rehabitare.direito.ufmg.br\/index.php?rest_route=\/wp\/v2\/posts\/3983\/revisions\/3985"}],"wp:featuredmedia":[{"embeddable":true,"href":"https:\/\/rehabitare.direito.ufmg.br\/index.php?rest_route=\/wp\/v2\/media\/3984"}],"wp:attachment":[{"href":"https:\/\/rehabitare.direito.ufmg.br\/index.php?rest_route=%2Fwp%2Fv2%2Fmedia&parent=3983"}],"wp:term":[{"taxonomy":"category","embeddable":true,"href":"https:\/\/rehabitare.direito.ufmg.br\/index.php?rest_route=%2Fwp%2Fv2%2Fcategories&post=3983"},{"taxonomy":"post_tag","embeddable":true,"href":"https:\/\/rehabitare.direito.ufmg.br\/index.php?rest_route=%2Fwp%2Fv2%2Ftags&post=3983"}],"curies":[{"name":"wp","href":"https:\/\/api.w.org\/{rel}","templated":true}]}}