{"id":3986,"date":"2024-01-12T20:13:18","date_gmt":"2024-01-12T23:13:18","guid":{"rendered":"https:\/\/rehabitare.direito.ufmg.br\/?p=3986"},"modified":"2024-01-12T20:13:18","modified_gmt":"2024-01-12T23:13:18","slug":"para-auxiliar-moradores-defensoria-publica-do-rs-cobra-explicacoes-sobre-explosao-em-condominio-no-rubem-berta-em-porto-alegre","status":"publish","type":"post","link":"https:\/\/rehabitare.direito.ufmg.br\/?p=3986","title":{"rendered":"Para auxiliar moradores, Defensoria P\u00fablica do RS cobra explica\u00e7\u00f5es sobre explos\u00e3o em condom\u00ednio no Rubem Berta, em Porto Alegre"},"content":{"rendered":"<p>A Defensoria P\u00fablica do Rio Grande do Sul vem atuando para auxiliar moradores do condom\u00ednio Alto S\u00e3o Francisco a retomarem parte de suas vidas e terem garantido o direito \u00e0 moradia. Parte do residencial est\u00e1 interditado desde o dia 4 de janeiro, quando um vazamento de g\u00e1s GLP (g\u00e1s liquefeito de petr\u00f3leo) causou uma explos\u00e3o em um dos apartamentos do conjunto habitacional. Dos 22 pr\u00e9dios constru\u00eddos no bairro Rubem Berta, zona norte de Porto Alegre, 4 est\u00e3o interditados em raz\u00e3o de danos na estrutura.<\/p>\n<p>Na \u00faltima sexta-feira (5), o defensor p\u00fablico Rafael Magagnin, dirigente do N\u00facleo de Defesa do Consumidor e Tutelas Coletivas (NUDECONTU), esteve em reuni\u00e3o, junto de representantes do Minist\u00e9rio P\u00fablico do RS (MPRS), com moradores do condom\u00ednio. Ao menos 60 pessoas seguem sem poder retornar para suas casas \u2013 alguns est\u00e3o dormindo, de forma improvisada, no sal\u00e3o de festas do condom\u00ednio e outros foram para casas de parentes ou amigos.<\/p>\n<p>Al\u00e9m disso, foram enviados quatro of\u00edcios buscando explica\u00e7\u00f5es sobre o ocorrido: \u00e0 Empresa Tenda, respons\u00e1vel pela constru\u00e7\u00e3o; \u00e0 Caixa Econ\u00f4mica Federal, para informa\u00e7\u00f5es sobre o seguro dos apartamentos; e \u00e0 Defesa Civil de Porto Alegre e ao Instituto-Geral de Per\u00edcias (IGP), ambos para ter dados t\u00e9cnicos da explos\u00e3o.<\/p>\n<p>Durante a tarde de segunda-feira (9), a DPE\/RS esteve novamente no residencial para coletar depoimentos de alguns moradores. H\u00e1 reclama\u00e7\u00f5es quanto \u00e0 indefini\u00e7\u00e3o da situa\u00e7\u00e3o e tamb\u00e9m do suposto descaso da construtora e da empresa que administra o condom\u00ednio, que, segundo os atingidos, n\u00e3o t\u00eam dado o apoio necess\u00e1rio para quem reside no local.<\/p>\n<p>\u201cA gente quer respostas, queremos saber onde vamos morar, se vamos conseguir um aluguel social ou se vamos ter que continuar de favor\u201d, disse Mauren Vieira, uma das moradoras atendidas ontem.<\/p>\n<p>Fonte:\u00a0<a href=\"https:\/\/www.defensoria.rs.def.br\/para-auxiliar-moradores-defensoria-publica-do-rs-cobra-explicacoes-sobre-explosao-em-condominio-no-rubem-berta-em-porto-alegre\">https:\/\/www.defensoria.rs.def.br\/para-auxiliar-moradores-defensoria-publica-do-rs-cobra-explicacoes-sobre-explosao-em-condominio-no-rubem-berta-em-porto-alegre<\/a><br \/>\nFoto: retirada da reportagem<\/p>\n","protected":false},"excerpt":{"rendered":"<p>A Defensoria P\u00fablica do Rio Grande do Sul vem atuando para auxiliar moradores do condom\u00ednio Alto S\u00e3o Francisco a retomarem parte de suas vidas e [&hellip;] <span class=\"read-more-link\"><a class=\"read-more\" href=\"https:\/\/rehabitare.direito.ufmg.br\/?p=3986\">Read More<\/a><\/span><\/p>\n","protected":false},"author":1,"featured_media":3987,"comment_status":"open","ping_status":"open","sticky":false,"template":"","format":"standard","meta":{"footnotes":""},"categories":[7],"tags":[139,201,174,9],"class_list":["post-3986","post","type-post","status-publish","format-standard","has-post-thumbnail","hentry","category-noticias","tag-crise-habitacional","tag-direito-a-moradia","tag-moradia","tag-moradia-adequada"],"_links":{"self":[{"href":"https:\/\/rehabitare.direito.ufmg.br\/index.php?rest_route=\/wp\/v2\/posts\/3986"}],"collection":[{"href":"https:\/\/rehabitare.direito.ufmg.br\/index.php?rest_route=\/wp\/v2\/posts"}],"about":[{"href":"https:\/\/rehabitare.direito.ufmg.br\/index.php?rest_route=\/wp\/v2\/types\/post"}],"author":[{"embeddable":true,"href":"https:\/\/rehabitare.direito.ufmg.br\/index.php?rest_route=\/wp\/v2\/users\/1"}],"replies":[{"embeddable":true,"href":"https:\/\/rehabitare.direito.ufmg.br\/index.php?rest_route=%2Fwp%2Fv2%2Fcomments&post=3986"}],"version-history":[{"count":1,"href":"https:\/\/rehabitare.direito.ufmg.br\/index.php?rest_route=\/wp\/v2\/posts\/3986\/revisions"}],"predecessor-version":[{"id":3988,"href":"https:\/\/rehabitare.direito.ufmg.br\/index.php?rest_route=\/wp\/v2\/posts\/3986\/revisions\/3988"}],"wp:featuredmedia":[{"embeddable":true,"href":"https:\/\/rehabitare.direito.ufmg.br\/index.php?rest_route=\/wp\/v2\/media\/3987"}],"wp:attachment":[{"href":"https:\/\/rehabitare.direito.ufmg.br\/index.php?rest_route=%2Fwp%2Fv2%2Fmedia&parent=3986"}],"wp:term":[{"taxonomy":"category","embeddable":true,"href":"https:\/\/rehabitare.direito.ufmg.br\/index.php?rest_route=%2Fwp%2Fv2%2Fcategories&post=3986"},{"taxonomy":"post_tag","embeddable":true,"href":"https:\/\/rehabitare.direito.ufmg.br\/index.php?rest_route=%2Fwp%2Fv2%2Ftags&post=3986"}],"curies":[{"name":"wp","href":"https:\/\/api.w.org\/{rel}","templated":true}]}}